{"id":13282,"date":"2021-10-05T19:55:00","date_gmt":"2021-10-05T19:55:00","guid":{"rendered":"https:\/\/nosotrasenlibertad.com\/libroweb\/?p=13282"},"modified":"2021-10-05T19:59:57","modified_gmt":"2021-10-05T19:59:57","slug":"no-todo-fue-dicho-en-palabras","status":"publish","type":"post","link":"https:\/\/nosotrasenlibertad.com\/libroweb\/no-todo-fue-dicho-en-palabras\/","title":{"rendered":"No todo fue dicho en palabras"},"content":{"rendered":"\n<p>Desde hace una d\u00e9cada me he dado a la pr\u00e1ctica de recuperar la estampa y las voces de nuestras compa\u00f1eras, en un momento especial de sus vidas.<\/p>\n\n\n\n<p>Sucede que una d\u00e9cada atr\u00e1s, un d\u00eda primaveral y luminoso se colm\u00f3 de algarab\u00eda en el <em>hall<\/em> del primer piso de los Tribunales Federales de Mendoza. Las y los presentes pasaban de abrazo en abrazo sin disimular el regocijo. Era la hora de la justicia y all\u00ed est\u00e1bamos <em>Nosotras<\/em>.<\/p>\n\n\n\n<p>A m\u00ed me toc\u00f3 en suerte y eleg\u00ed cubrir los debates por delitos de Lesa Humanidad en Mendoza desde la primera audiencia y en ese lugar me he mantenido a lo largo de siete juicios, hasta el presente.<\/p>\n\n\n\n<p>He registrado los testimonios y he percibido el sentir de las v\u00edctimas al revivir sus peores momentos, as\u00ed como el alivio de escupir la amargura de esos d\u00edas y la posibilidad de se\u00f1alar a los mierdas y sus secuaces.<\/p>\n\n\n\n<p>No todo fue dicho en palabras, algo qued\u00f3 colgado del gesto, las miradas, el movimiento de las manos, la elecci\u00f3n de la ropa\u2026 Por eso, adem\u00e1s de cr\u00f3nicas de la audiencia, he registrado mis sensaciones al escuchar las declaraciones de mis compa\u00f1eras.<\/p>\n\n\n\n<p><strong>De Silvia Ontivero<\/strong><br>Mendoza, 30 de noviembre de 2010<\/p>\n\n\n\n<p>Todo trago amargo que enjug\u00f3 su lengua viene tronando en cada palabra, pero va a simular neutralidad. La boca responde con elasticidad a la raz\u00f3n, simplemente acompasa. El gesto cae en el entrecejo, ah\u00ed est\u00e1 todo el peso de la adversidad.<\/p>\n\n\n\n<p>De pronto, desde m\u00e1s adentro de la boca regresa la penumbra y el vaho del Departamento de Informaciones de la Polic\u00eda -D2. Lleg\u00f3 su mugre y la oscuridad, el ruido seco de los golpes, los gemidos y el hambre, el metal, los sudores mezclado con el perfume hediondo de alguno de sus violadores. Le da asco tenerlos cerca, respirar a metros de ellos, sentir que comparte el mismo espacio. De entre las fauces saldr\u00e1 un \u201ctodo era sucio\u2026 sucio&#8230;\u201d.<\/p>\n\n\n\n<p>No est\u00e1 sentada frente al Tribunal, sino sumergida en aquel pozo. Y lo dicho es el eco del dolor -nunca reparado- por treinta a\u00f1os de compartir las calles con esa inmundicia que la humill\u00f3 hasta el escarnio.<\/p>\n\n\n\n<p>Brama por dentro y un halo, mezcla de dolor e ira, sale rozando la lengua para relatar con rigurosidad y aparente aplomo, lo perdido y lo encontrado en seis a\u00f1os de cautiverio. Mira y habla de frente con la cabeza erguida y los ojos bien abiertos, como espejos en los que se refleja lo vivido. Se sostiene valiente como desde el primer d\u00eda para que se sepa la verdad de todo lo que ese cuerpo conoci\u00f3.<\/p>\n\n\n\n<p>Por momentos, se desdibuja aquel lugar siniestro y menciona al juez que no dio lugar a sus denuncias, as\u00ed como cada hito que transit\u00f3 con sus compa\u00f1eras y compa\u00f1eros honrando la minuciosidad. Afloja los hombros, relaja la cabeza consciente de que en cada palabra va reescribiendo la historia, deja renacer el sue\u00f1o compartido para desdecir al olvido y cultivar la memoria.<\/p>\n\n\n\n<p>Despu\u00e9s de declarar saldr\u00e1 a la calle. Habr\u00e1 luz y abrazos sanadores. Habr\u00e1 muchas, muchas personas que la devolver\u00e1n al amor.<\/p>\n\n\n\n<p><strong>De Alicia Morales<\/strong><br>7 de diciembre de 2010<\/p>\n\n\n\n<p>En la boca sostiene una sonrisa sin pausa, tal vez le regocija estar frente al Tribunal, aunque vaya a revivir uno de sus peores momentos.<\/p>\n\n\n\n<p>Desde su asiento gira la cabeza a su derecha y observa directamente el sector de los imputados. Se detiene all\u00ed, pero no se sabe a qui\u00e9n o qu\u00e9 busca. Tal vez intenta reconocer a sus secuestradores o carceleros. Los dedos muestran u\u00f1as largas, estiradas y encendidas de color.<\/p>\n\n\n\n<p>Entonces, trajo a la sala de audiencias al beb\u00e9 y las ni\u00f1as detenidas junto a ella y a su compa\u00f1era Mar\u00eda Luisa. En su relato trae la maternidad en carne viva que, aunque mandato cultural para las mujeres, cala hondo y duele mucho en esa oscuridad. Se la siente deshabitada de su ni\u00f1o de dos meses. \u201cA la hora del secuestro con los ojos tapados, iba colgada de la pa\u00f1oleta del beb\u00e9\u201d, dice. Y hasta reprocha que cuando entregaron el peque\u00f1ito a su familia le robaron la pa\u00f1oleta. Con ese entramado de lana le quitaron su otro cuerpo indispensable.&nbsp;<\/p>\n\n\n\n<p>Las nenas y el beb\u00e9 quedaron secuestrados con ellas por un d\u00eda. El varoncito respiraba con dificultad, pero cuando les retiraron se desplom\u00f3. \u201d\u00a1Menos mal que yo no sab\u00eda que se apropiaban de los ni\u00f1os!\u201d, piensa en voz alta. Entonces descorre la mueca e inexplicablemente vuelve la sonrisa para meterse en la penumbra del D2 en el que ve\u00eda estrellitas cuando le sacaban la venda el\u00e1stica. Ten\u00eda hambre y sed. \u201cHasta mis pechos dejaron de llorar\u201d, rememora.<\/p>\n\n\n\n<p>A ritmo cansino, a lo largo de muchas horas, va a traer a la lengua las im\u00e1genes y hechos que pueblan la memoria. Con serenidad evoca una por una gestiones, represores, juzgados, consejos de guerra, c\u00e1rcel y su Jos\u00e9 pens\u00e1ndolas, mientras se refugia en la clandestinidad. Sin embargo, se derrama angustia una y otra vez cuando revive a esa madre largamente ausente, que sin quererlo lastim\u00f3 el v\u00ednculo con lo m\u00e1s amado.<\/p>\n\n\n\n<p>En ese sentir tampoco estaba sola, lo pudo comprobar en Devoto donde conoci\u00f3 las mil y una formas de solidaridad entre compa\u00f1eras. \u201cLa mejor manera de resistir, era resistir juntas\u201d, sostiene para finalizar.<\/p>\n","protected":false},"excerpt":{"rendered":"<p>Desde hace una d\u00e9cada me he dado a la pr\u00e1ctica de recuperar la estampa y las voces de nuestras compa\u00f1eras, en un momento especial de sus vidas. Sucede que una d\u00e9cada atr\u00e1s, un d\u00eda primaveral y luminoso se colm\u00f3 de algarab\u00eda en el hall del primer piso de los Tribunales Federales de Mendoza. Las y [&hellip;]<\/p>\n","protected":false},"author":1,"featured_media":1838,"comment_status":"closed","ping_status":"open","sticky":false,"template":"single-andes.php","format":"standard","meta":{"_acf_changed":false,"footnotes":""},"categories":[5],"tags":[],"class_list":["post-13282","post","type-post","status-publish","format-standard","has-post-thumbnail","hentry","category-de-la-cordillera-al-atlantico"],"acf":[],"_links":{"self":[{"href":"https:\/\/nosotrasenlibertad.com\/libroweb\/wp-json\/wp\/v2\/posts\/13282","targetHints":{"allow":["GET"]}}],"collection":[{"href":"https:\/\/nosotrasenlibertad.com\/libroweb\/wp-json\/wp\/v2\/posts"}],"about":[{"href":"https:\/\/nosotrasenlibertad.com\/libroweb\/wp-json\/wp\/v2\/types\/post"}],"author":[{"embeddable":true,"href":"https:\/\/nosotrasenlibertad.com\/libroweb\/wp-json\/wp\/v2\/users\/1"}],"replies":[{"embeddable":true,"href":"https:\/\/nosotrasenlibertad.com\/libroweb\/wp-json\/wp\/v2\/comments?post=13282"}],"version-history":[{"count":5,"href":"https:\/\/nosotrasenlibertad.com\/libroweb\/wp-json\/wp\/v2\/posts\/13282\/revisions"}],"predecessor-version":[{"id":13290,"href":"https:\/\/nosotrasenlibertad.com\/libroweb\/wp-json\/wp\/v2\/posts\/13282\/revisions\/13290"}],"wp:featuredmedia":[{"embeddable":true,"href":"https:\/\/nosotrasenlibertad.com\/libroweb\/wp-json\/wp\/v2\/media\/1838"}],"wp:attachment":[{"href":"https:\/\/nosotrasenlibertad.com\/libroweb\/wp-json\/wp\/v2\/media?parent=13282"}],"wp:term":[{"taxonomy":"category","embeddable":true,"href":"https:\/\/nosotrasenlibertad.com\/libroweb\/wp-json\/wp\/v2\/categories?post=13282"},{"taxonomy":"post_tag","embeddable":true,"href":"https:\/\/nosotrasenlibertad.com\/libroweb\/wp-json\/wp\/v2\/tags?post=13282"}],"curies":[{"name":"wp","href":"https:\/\/api.w.org\/{rel}","templated":true}]}}