{"id":1525,"date":"2021-06-11T19:19:37","date_gmt":"2021-06-11T19:19:37","guid":{"rendered":"https:\/\/nosotrasenlibertad.com\/libroweb\/?p=1525"},"modified":"2021-10-22T18:31:07","modified_gmt":"2021-10-22T18:31:07","slug":"la-llave","status":"publish","type":"post","link":"https:\/\/nosotrasenlibertad.com\/libroweb\/la-llave\/","title":{"rendered":"La llave"},"content":{"rendered":"\n<p><\/p>\n\n\n\n<p>Nos convocamos para escribir algo sobre nuestros d\u00edas en libertad. El tema me estimul\u00f3 desde muy chica, tanto me pregunt\u00e9 por ella, le\u00ed para conocer sus categor\u00edas y mis posibilidades ante ella. Lo cierto es que en el momento que describe la poes\u00eda, la libertad fue la llave que abri\u00f3 el candado.&nbsp;<\/p>\n\n\n\n<p>Cuando tom\u00e9 el colectivo de <em>Chevalier<\/em> para volver a mi pueblo ya me hab\u00eda dado cuenta de que no entend\u00eda el dinero, la velocidad del tr\u00e1nsito, los cospeles de los tel\u00e9fonos p\u00fablicos y los relojes digitales de pl\u00e1stico. La ciudad ten\u00eda un color gris apagado y la gente, un ritmo lento de pasar el d\u00eda.<\/p>\n\n\n\n<p>Volv\u00ed a mi familia, a mi viejo barrio y a todos los lugares por los que hab\u00eda pasado. Primero, camin\u00e9 hasta el Obispado para saludar a Monse\u00f1or Devoto, temprano antes que saliera. Al d\u00eda siguiente a la terminal, con un grupito de reci\u00e9n salidos a recibir a Mario Pezelato, \u00faltimo preso que lleg\u00f3 a Goya. Me afirmaron mucho esas peque\u00f1as cosas, tomar y retomar lo m\u00edo en esas vidas a las que me estaba integrando.<\/p>\n\n\n\n<p>Encuentros, aproximaciones en los primeros d\u00edas de la democracia. Nuestra propia historia y lo que fue de ella en ese largo tiempo. Cara a cara y leyendo lo que iba apareciendo. Desde <span class=\"tool-tip\"><em>Recuerdos de la Muerte<\/em><span class=\"tool-tip-text\">1984. Miguel Bonasso, Editorial Planeta. Novela hist\u00f3rica que denuncia los mecanismos del terrorismo de Estado y la \u00abguerra sucia\u00bb argentina para aniquilar a los dirigentes Montoneros. <\/span><\/span> todo lo que se fue escribiendo. La <span class=\"tool-tip\">Juventud Peronista<span class=\"tool-tip-text\">Juventud Peronista. Engloba el sector juvenil del Movimiento Nacional Justicialista. Su primera formaci\u00f3n surgi\u00f3 en 1951 y en el a\u00f1o 1957 fue refundada por Gustavo Rearte junto a otros militantes, en el contexto del golpe c\u00edvico militar autodenominado Revoluci\u00f3n Libertadora.  <\/span><\/span>, <span class=\"tool-tip\">Montoneros<span class=\"tool-tip-text\">Organizaci\u00f3n pol\u00edtico militar peronista surgida en la d\u00e9cada de 1970 cuyo objetivo era luchar contra la dictadura gobernante y lograr el retorno de Juan Domingo Per\u00f3n al pa\u00eds, elecciones libres y sin prescipciones y un socialismo nacional.<\/span><\/span>, las organizaciones, peronismo, visiones de la dictadura y el estrago. Nuestra identidad, nosotros mismos.<\/p>\n\n\n\n<p>Tr\u00e1mites por documentos perdidos, duplicados y constancias de trabajo, tejer y vender un pullover por semana, ser cadete de oficina. Fui buscando,&nbsp;encontrando y desencontrando lugares, familiares, amigos y compa\u00f1eros. Cruc\u00e9 a Reconquista a encontrarme con mi familia materna ida y vuelta por el Paran\u00e1: mi paisaje, mi ruta, nuestra marca del nordeste.<\/p>\n\n\n\n<p>Un d\u00eda lleg\u00f3 a casa Elsita S\u00e1enz con dos de sus hijitos. \u201cQu\u00e9 fr\u00e1gil est\u00e1 todo\u201d, nos dijimos. Otro d\u00eda, Mirta Alaya, tambi\u00e9n con hijos. Vecinas de barrio, compa\u00f1eras de estudio, compa\u00f1eras. Llegaban del exilio y los chiquitos hablaban franc\u00e9s, eran encuentros fuertes que marcaban la dimensi\u00f3n de nuestra propia historia.<\/p>\n\n\n\n<p>Y los que sintetizaron el desgarro de lo vivido, los encuentros con Pepita Goyeneche, madre de \u00c9lida, y con Florentina de Vargas, madre de Dorita y Juan Ram\u00f3n. Desaparecidos sus hijos, las dos con un gran abrazo: \u201cQu\u00e9 lindo verte, qu\u00e9 suerte que volviste\u201d, nos dec\u00edan.<\/p>\n\n\n\n<p>Encuentros, aproximaciones mientras armaba la vida en los primeros d\u00edas de la democracia. Un d\u00eda nos avis\u00f3 la esposa de Petete Ortiz que a la madrugada lo llev\u00f3 la polic\u00eda, lo subi\u00f3 a un patrullero y no sab\u00eda d\u00f3nde estaba. Devoto estaba en Corrientes, lo llamaron desde el Obispado y \u00e9l se ocup\u00f3 de localizarlo. Un juez hab\u00eda pedido que lo llevaran para cerrar una causa que hab\u00eda quedado suelta. A la tardecita llegaron los dos, nos volvi\u00f3 el alma al cuerpo. D\u00edas despu\u00e9s tambi\u00e9n citaron al padre Torres, sin certezas para nadie de la deriva. Al final se arregl\u00f3 sin que comparezca, creo, pero \u00edbamos viendo c\u00f3mo estaba el d\u00eda a d\u00eda. Monse\u00f1or muri\u00f3 el 28 de julio de 1984 y con \u00e9l un referente, un respaldo, lo lloramos mucho. Y bueno, a caminar.<\/p>\n\n\n\n<h3 class=\"wp-block-heading\">Despu\u00e9s de la tormenta<\/h3>\n\n\n\n<p>Finalmente me asent\u00e9 en la ciudad de Buenos Aires con proyecto de familia y las dos hijas que llegaron juntas. Sorpresa, aliciente, est\u00edmulo y bendici\u00f3n. Felicidad.&nbsp;Tom\u00e9 un cargo en la Secretar\u00eda de Educaci\u00f3n para trabajar en escuelas para apoyo escolar e integraci\u00f3n de ni\u00f1os con dificultades de aprendizaje. Y al tiempito concurs\u00e9, solo con el t\u00edtulo del secundario y del profesorado. Corrientes no reincorpor\u00f3 a los cesanteados y en ese tiempo tampoco hubo reconocimiento de servicios anteriores. Los ministerios ordenaban el desastre que hab\u00eda quedado entre cesant\u00edas, bajas y and\u00e1 saber qu\u00e9. Pude ver a Alfredo Bravo, subsecretario del \u00e1rea -encargado de reorganizar y orientar sobre el tema- rodeado de expedientes hasta en el pasillo.&nbsp;<\/p>\n\n\n\n<figure class=\"wp-block-image size-full mf\"><img decoding=\"async\" width=\"800\" height=\"530\" data-src=\"https:\/\/nosotrasenlibertad.com\/libroweb\/wp-content\/uploads\/2021\/10\/Milagros-Palacio-1.jpg\" alt=\"\" class=\"wp-image-13262 lazyload\" data-srcset=\"https:\/\/nosotrasenlibertad.com\/libroweb\/wp-content\/uploads\/2021\/10\/Milagros-Palacio-1.jpg 800w, https:\/\/nosotrasenlibertad.com\/libroweb\/wp-content\/uploads\/2021\/10\/Milagros-Palacio-1-768x509.jpg 768w\" data-sizes=\"(max-width: 800px) 100vw, 800px\" src=\"data:image\/svg+xml;base64,PHN2ZyB3aWR0aD0iMSIgaGVpZ2h0PSIxIiB4bWxucz0iaHR0cDovL3d3dy53My5vcmcvMjAwMC9zdmciPjwvc3ZnPg==\" style=\"--smush-placeholder-width: 800px; --smush-placeholder-aspect-ratio: 800\/530;\" \/><\/figure>\n\n\n\n<p>Comenc\u00e9 a trabajar en escuelas sobre el Riachuelo, al costado de la villa 20 y Puente de la Noria. Una hora de viaje hacia barrios cada vez m\u00e1s peque\u00f1os,&nbsp;precarios,&nbsp;lejos de la imagen de la gran ciudad. Me encontr\u00e9 all\u00ed con poblaci\u00f3n de correntinos, chaque\u00f1os y misioneros especialmente en migraci\u00f3n interna. Historias de desarraigo, pobreza y villan\u00edas varias. Historias duras de los \u00faltimos a\u00f1os. Sent\u00ed que ese era mi lugar, pensando que pod\u00eda revelarles la historia propia que se les hab\u00eda borrado.<\/p>\n\n\n\n<p>Un d\u00eda una mam\u00e1, despu\u00e9s de mucho conversar sobre dificultades de su hijo Iv\u00e1n -de unos doce a\u00f1os- me dijo en voz baja: \u201cUsted no va a creer los que nos pas\u00f3, se\u00f1orita. Nosotros viv\u00edamos en el Bajo Flores, ten\u00edamos nuestra casita. Pero quedamos bajo la traza de la autopista. Nos desalojaron con topadoras, llegaron una noche, rodearon y enfocaron con luces fuertes. Nos dijeron que juntemos nuestras cosas y que nos vayamos\u201d. Pregunt\u00e9 qui\u00e9n les hab\u00eda hecho eso. \u201cLos militares\u201d, dijo poniendo un dedo sobre los labios. Y agreg\u00f3: \u201cIv\u00e1n estaba conmigo y desde entonces qued\u00f3 nervioso. Nos cargaron en un cami\u00f3n y nos trajeron ac\u00e1, era un descampado. Armamos techos con maderas y chapas. Mi marido ten\u00eda trabajo en el centro y para no perderlo quedaba en alguna plaza durante la semana. Empez\u00f3 a tomar y dej\u00f3 de venir. No lo vimos m\u00e1s\u201d.<\/p>\n\n\n\n<p>Con un grupo de compa\u00f1eros empezamos a organizar la representaci\u00f3n gremial en esas escuelitas dentro del gremio de base de la Confederaci\u00f3n de Trabajadores de la Educaci\u00f3n de la Rep\u00fablica Argentina (CTERA), el que hoy es Uni\u00f3n de Trabajadores de la Educaci\u00f3n (UTE). Hab\u00eda gran dispersi\u00f3n y escasa aceptaci\u00f3n y confianza en lo que quedaba de los&nbsp;agrupamientos pero siempre hubo un n\u00facleo de docentes con quienes ir juntando pieza por pieza. As\u00ed es que se pudo realizar masivamente el paro de m\u00e1s cuarenta d\u00edas de 1988 por salario, presupuesto y cuestiones de fondo del Congreso Pedag\u00f3gico.&nbsp;<\/p>\n\n\n\n<p>Lugano, Soldati, Barracas, Pompeya, fui buscando acercar distancias siempre en esa zona sur dura, dif\u00edcil, tan Buenos Aires como el Obelisco. En Pompeya asist\u00edan chicos de Zavaleta-Villa21, de la gran quema: \u201cEL\u201d desamparo. Ven\u00edan a preguntar por ellos los primeros curas villeros de esta etapa. No estaban asentados todav\u00eda all\u00ed, pasaban el d\u00eda pero no la noche.<\/p>\n\n\n\n<p>Un d\u00eda me comentaron que estaban filmando una pel\u00edcula con gente de la villa. Y en simult\u00e1neo que en Goya filmaron escenas para una pel\u00edcula de Trist\u00e1n Bauer con actores de <em>Candilejas<\/em> como extras. Fui a verla y narraba la vida de un hombre -el actor era Lorenzo Quinteros- que era correntino, que ven\u00eda en busca de trabajo en los a\u00f1os &#8217;80 y que la vor\u00e1gine de la ciudad lo empuj\u00f3 a los m\u00e1rgenes. Justo el tema que relat\u00e9 y viv\u00ed en aquella \u00e9poca. Se llama <em>Despu\u00e9s de la tormenta<\/em>.<\/p>\n\n\n\n<figure class=\"wp-block-image size-full mf\"><img decoding=\"async\" width=\"800\" height=\"530\" data-src=\"https:\/\/nosotrasenlibertad.com\/libroweb\/wp-content\/uploads\/2021\/10\/Milagros-Palacio-2.jpg\" alt=\"\" class=\"wp-image-13264 lazyload\" data-srcset=\"https:\/\/nosotrasenlibertad.com\/libroweb\/wp-content\/uploads\/2021\/10\/Milagros-Palacio-2.jpg 800w, https:\/\/nosotrasenlibertad.com\/libroweb\/wp-content\/uploads\/2021\/10\/Milagros-Palacio-2-768x509.jpg 768w\" data-sizes=\"(max-width: 800px) 100vw, 800px\" src=\"data:image\/svg+xml;base64,PHN2ZyB3aWR0aD0iMSIgaGVpZ2h0PSIxIiB4bWxucz0iaHR0cDovL3d3dy53My5vcmcvMjAwMC9zdmciPjwvc3ZnPg==\" style=\"--smush-placeholder-width: 800px; --smush-placeholder-aspect-ratio: 800\/530;\" \/><\/figure>\n\n\n\n<h3 class=\"wp-block-heading\">El 2000 nos encontrar\u00e1&#8230;<\/h3>\n\n\n\n<p>Un d\u00eda Peggi me contact\u00f3 trayendo una noticia inesperada. El Equipo Argentino de Antropolog\u00eda Forense (EAAF) hab\u00eda localizado el cuerpo de nuestro compa\u00f1ero correntino Carlitos Meza. Y se lo entregar\u00edan a Silvia Ram\u00edrez, su esposa y compa\u00f1era. Se congel\u00f3 el momento en que ella describ\u00eda las circunstancias y el modo en que llegaron hasta \u00e9l. Casi fin de a\u00f1o de 1999 y ella con esa bocaza: \u201cHay que resolver YA, el juez quiere entregar ma\u00f1ana y Silvia est\u00e1 viniendo para ac\u00e1, viene la Feria, hagamos las cosas\u2026\u201d. <\/p>\n\n\n\n<p>Entonces fui hasta el anexo del Congreso y busqu\u00e9 a Jorge Giles. Fue d\u00eda de papeles, juzgado y al d\u00eda siguiente nos encontramos en el EAAF para retirar su cuerpo, un expediente con el derrotero desde su ca\u00edda y su prontuario. Lloramos. Salimos como pisando nubes, el Once brillaba de lucecitas findea\u00f1eras y en auto llegamos hasta Aeroparque. Tomamos un refresco y chocamos los vasos Jorge, Pedro \u00c1valos, Peggi y el flaco Kunkel. Silvia y yo subimos al avi\u00f3n y recuerdo que hicimos el viaje tom\u00e1ndonos fuerte de nuestras manos. Nos contamos cosas y recordamos otras. Al d\u00eda siguiente despedimos a Carlitos, ya en su pago con su madre, compa\u00f1eros de militancia y su sonrisa peronista. Era 28 de diciembre de 1999, el D\u00eda de los Inocentes. Tantas veces que me pregunt\u00e9 c\u00f3mo llegar\u00edamos al 2000. Para m\u00ed el siglo XX se hab\u00eda cumplido.<\/p>\n\n\n\n<div style=\"height:50px\" aria-hidden=\"true\" class=\"wp-block-spacer\"><\/div>\n\n\n\n<h2 class=\"wp-block-heading\"><strong>Dos mil trescientos<\/strong><\/h2>\n\n\n\n<p>(Navidad del 83)<\/p>\n\n\n\n<pre class=\"wp-block-verse\">2300...<br>le dije al tipo<br>que tomaba los datos.<br>Me hab\u00eda preguntado<br>si ten\u00eda alg\u00fan n\u00famero<br>para avisar<br>que sal\u00eda.<br>Me acerc\u00f3 un trapo<br>Con el que me limpi\u00e9 los dedos,<br>mientras \u00e9l<br>sellaba y sellaba.<br>Dos-mil-tres-cientos;<br>tambi\u00e9n<br>dos-tres-cero-cero.<\/pre>\n\n\n\n<pre class=\"wp-block-verse\">-Veintitr\u00e9s... qued\u00e9 pensando<br>cuando me encontr\u00e9 con su mirada.<\/pre>\n\n\n\n<pre class=\"wp-block-verse\">Y empec\u00e9 a sentir<br>la libertad<br>cuando lo vi<br>buscar el TE.<\/pre>\n\n\n\n<p>Milagro Palacios<br>13\/06\/05.<\/p>\n","protected":false},"excerpt":{"rendered":"<p>Nos convocamos para escribir algo sobre nuestros d\u00edas en libertad. El tema me estimul\u00f3 desde muy chica, tanto me pregunt\u00e9 por ella, le\u00ed para conocer sus categor\u00edas y mis posibilidades ante ella. Lo cierto es que en el momento que describe la poes\u00eda, la libertad fue la llave que abri\u00f3 el candado.&nbsp; Cuando tom\u00e9 el [&hellip;]<\/p>\n","protected":false},"author":1,"featured_media":1718,"comment_status":"closed","ping_status":"open","sticky":false,"template":"single-puerto.php","format":"standard","meta":{"_acf_changed":false,"footnotes":""},"categories":[7],"tags":[40,34],"class_list":["post-1525","post","type-post","status-publish","format-standard","has-post-thumbnail","hentry","category-navegando-el-parana","tag-actividad-gremial","tag-educacion"],"acf":[],"_links":{"self":[{"href":"https:\/\/nosotrasenlibertad.com\/libroweb\/wp-json\/wp\/v2\/posts\/1525","targetHints":{"allow":["GET"]}}],"collection":[{"href":"https:\/\/nosotrasenlibertad.com\/libroweb\/wp-json\/wp\/v2\/posts"}],"about":[{"href":"https:\/\/nosotrasenlibertad.com\/libroweb\/wp-json\/wp\/v2\/types\/post"}],"author":[{"embeddable":true,"href":"https:\/\/nosotrasenlibertad.com\/libroweb\/wp-json\/wp\/v2\/users\/1"}],"replies":[{"embeddable":true,"href":"https:\/\/nosotrasenlibertad.com\/libroweb\/wp-json\/wp\/v2\/comments?post=1525"}],"version-history":[{"count":33,"href":"https:\/\/nosotrasenlibertad.com\/libroweb\/wp-json\/wp\/v2\/posts\/1525\/revisions"}],"predecessor-version":[{"id":14010,"href":"https:\/\/nosotrasenlibertad.com\/libroweb\/wp-json\/wp\/v2\/posts\/1525\/revisions\/14010"}],"wp:featuredmedia":[{"embeddable":true,"href":"https:\/\/nosotrasenlibertad.com\/libroweb\/wp-json\/wp\/v2\/media\/1718"}],"wp:attachment":[{"href":"https:\/\/nosotrasenlibertad.com\/libroweb\/wp-json\/wp\/v2\/media?parent=1525"}],"wp:term":[{"taxonomy":"category","embeddable":true,"href":"https:\/\/nosotrasenlibertad.com\/libroweb\/wp-json\/wp\/v2\/categories?post=1525"},{"taxonomy":"post_tag","embeddable":true,"href":"https:\/\/nosotrasenlibertad.com\/libroweb\/wp-json\/wp\/v2\/tags?post=1525"}],"curies":[{"name":"wp","href":"https:\/\/api.w.org\/{rel}","templated":true}]}}