{"id":179,"date":"2021-03-30T18:17:01","date_gmt":"2021-03-30T18:17:01","guid":{"rendered":"https:\/\/nosotrasenlibertad.com\/libroweb\/?p=179"},"modified":"2021-10-13T12:56:04","modified_gmt":"2021-10-13T12:56:04","slug":"lo-que-no-fue","status":"publish","type":"post","link":"https:\/\/nosotrasenlibertad.com\/libroweb\/lo-que-no-fue\/","title":{"rendered":"Lo que no fue"},"content":{"rendered":"\n<p>Se cumpl\u00edan cuarenta y dos a\u00f1os de la <span class=\"tool-tip\">Masacre de Trelew<span class=\"tool-tip-text\">El 22 de agosto de 1972, en Trelew, cuidad de la provincia de Chubut, 16 j\u00f3venes militantes peronistas y de izquierda fueron capturados y asesinados, tras fugarse del penal de Rawson. En 2012 , el Tribunal Federal de Comodoro Rivadavia resolvi\u00f3 condenar a prisi\u00f3n perpetua a Emilio Del Real, Luis Sosa y Carlos Marandino como autores de 16 homicidios y 3 tentativas, declarando estos cr\u00edmenes de Lesa Humanidad. <\/span><\/span>. Hac\u00eda poco tiempo que la Justicia la hab\u00eda considerado delito de Lesa Humanidad. Muchos motivos, especialmente la construcci\u00f3n de la Memoria Colectiva, confluyeron para que en Rawson -ciudad cercana a Trelew- nos encontr\u00e1ramos familiares de las v\u00edctimas, organismos de Derechos Humanos (DDHH), funcionaries y habitantes de la zona en una gran pueblada.<\/p>\n\n\n\n<p>Fueron d\u00edas de apretados abrazos, de discursos comprometidos con el \u201cNunca M\u00e1s\u201d, del recuerdo de les asesinades, de m\u00fasica, de cantos y de mesas compartidas.<\/p>\n\n\n\n<p>Como parte de esa conmemoraci\u00f3n me invitaron a dar una charla en la Universidad. Sentada frente al auditorio, mientras observaba c\u00f3mo les asistentes iban ingresando al aula, una mezcla de p\u00e1nico, extra\u00f1eza y tristeza profunda me fue envolviendo.<\/p>\n\n\n\n<p>En un momento, levant\u00e9 la mirada y sent\u00ed que era observada por decenas de personas expectantes, esper\u00e1ndome, mientras yo me preguntaba qu\u00e9 hac\u00eda en ese lugar y a qu\u00e9 se deb\u00eda tanto silencio.<\/p>\n\n\n\n<figure class=\"wp-block-image size-large margenFotos\"><img decoding=\"async\" width=\"800\" height=\"530\" data-src=\"https:\/\/nosotrasenlibertad.com\/libroweb\/wp-content\/uploads\/2021\/07\/FALICOFF-BERTA.jpg\" alt=\"\" class=\"wp-image-5310 lazyload\" data-srcset=\"https:\/\/nosotrasenlibertad.com\/libroweb\/wp-content\/uploads\/2021\/07\/FALICOFF-BERTA.jpg 800w, https:\/\/nosotrasenlibertad.com\/libroweb\/wp-content\/uploads\/2021\/07\/FALICOFF-BERTA-300x199.jpg 300w, https:\/\/nosotrasenlibertad.com\/libroweb\/wp-content\/uploads\/2021\/07\/FALICOFF-BERTA-768x509.jpg 768w\" data-sizes=\"(max-width: 800px) 100vw, 800px\" src=\"data:image\/svg+xml;base64,PHN2ZyB3aWR0aD0iMSIgaGVpZ2h0PSIxIiB4bWxucz0iaHR0cDovL3d3dy53My5vcmcvMjAwMC9zdmciPjwvc3ZnPg==\" style=\"--smush-placeholder-width: 800px; --smush-placeholder-aspect-ratio: 800\/530;\" \/><\/figure>\n\n\n\n<p>En segundos, retroced\u00ed cuarenta y dos a\u00f1os a una calle de la ciudad de Santa Fe donde caminaba con mis compa\u00f1eres de la facultad acompa\u00f1ando el f\u00e9retro de Alejandro Ulla, fusilado en la c\u00e1rcel de Trelew. De pronto la polic\u00eda irrumpi\u00f3 con golpes y con gases lacrim\u00f3genos, arrinconando a les manifestantes que iban tropezandose entre s\u00ed.<\/p>\n\n\n\n<p>Recuerdo que desconcertada y despavorida mir\u00e9 hacia atr\u00e1s tratando de encontrar un lugar para refugiarme. Vi entre la gente a un polic\u00eda que, rodilla en el piso, me apuntaba con su escopeta lanza gases \u00bfC\u00f3mo resistirse a lo inexorable?<\/p>\n\n\n\n<p>Ya en el suelo, por el impacto en la columna, inmovilizada, sin fuerza en las piernas, atravesada de miedo y de dolor, solo atinaba a protegerme la cara con los brazos para que no me pisaran. Mientras, el remolino de manifestantes corr\u00eda gritando alrededor de m\u00ed.<\/p>\n\n\n\n<p>\u00bfCu\u00e1nto tiempo estuve as\u00ed?, no s\u00e9. En un momento, alguien encaj\u00f3 sus brazos bajo mis axilas y me arrastr\u00f3 por la calle hacia el patio de una casa, dej\u00e1ndome en el piso. Un hilo de humo se desprend\u00eda de mi ropa quemada y el ardor en la columna era insoportable.<\/p>\n\n\n\n<p>Cuarenta y dos a\u00f1os despu\u00e9s, conmemorando ese aniversario en la Universidad y ante cien personas, sent\u00ed el mismo miedo, la misma tristeza, el mismo dolor por tantos anhelos frustrados, por tanta irracionalidad y por tanta vida muerta.<\/p>\n\n\n\n<p>Observaba a todes en silencio y solo al encontrarme con una mirada amiga pude reaccionar, adelantando el calendario todos esos a\u00f1os en una fant\u00e1stica carrera.<\/p>\n\n\n\n<p>Comenc\u00e9 entonces a hablar mientras las l\u00e1grimas iban esclareciendo y precisando la memoria. Pude as\u00ed hilvanar los sucesos de aquel tiempo, el recuerdo amoroso de les asesinades y el significado de esa Masacre, anticipo de tantas otras en la historia de nuestro pa\u00eds.&nbsp;<\/p>\n\n\n\n<p>Mientras me aplaud\u00edan, yo lloraba por lo que no fue.&nbsp;<\/p>\n\n\n\n<p><\/p>\n","protected":false},"excerpt":{"rendered":"<p>Se cumpl\u00edan cuarenta y dos a\u00f1os de la Masacre de TrelewEl 22 de agosto de 1972, en Trelew, cuidad de la provincia de Chubut, 16 j\u00f3venes militantes peronistas y de izquierda fueron capturados y asesinados, tras fugarse del penal de Rawson. En 2012 , el Tribunal Federal de Comodoro Rivadavia resolvi\u00f3 condenar a prisi\u00f3n perpetua [&hellip;]<\/p>\n","protected":false},"author":1,"featured_media":1812,"comment_status":"closed","ping_status":"open","sticky":false,"template":"single-puerto.php","format":"standard","meta":{"_acf_changed":false,"footnotes":""},"categories":[6],"tags":[30],"class_list":["post-179","post","type-post","status-publish","format-standard","has-post-thumbnail","hentry","category-las-del-puerto","tag-derechos-humanos"],"acf":[],"_links":{"self":[{"href":"https:\/\/nosotrasenlibertad.com\/libroweb\/wp-json\/wp\/v2\/posts\/179","targetHints":{"allow":["GET"]}}],"collection":[{"href":"https:\/\/nosotrasenlibertad.com\/libroweb\/wp-json\/wp\/v2\/posts"}],"about":[{"href":"https:\/\/nosotrasenlibertad.com\/libroweb\/wp-json\/wp\/v2\/types\/post"}],"author":[{"embeddable":true,"href":"https:\/\/nosotrasenlibertad.com\/libroweb\/wp-json\/wp\/v2\/users\/1"}],"replies":[{"embeddable":true,"href":"https:\/\/nosotrasenlibertad.com\/libroweb\/wp-json\/wp\/v2\/comments?post=179"}],"version-history":[{"count":20,"href":"https:\/\/nosotrasenlibertad.com\/libroweb\/wp-json\/wp\/v2\/posts\/179\/revisions"}],"predecessor-version":[{"id":13805,"href":"https:\/\/nosotrasenlibertad.com\/libroweb\/wp-json\/wp\/v2\/posts\/179\/revisions\/13805"}],"wp:featuredmedia":[{"embeddable":true,"href":"https:\/\/nosotrasenlibertad.com\/libroweb\/wp-json\/wp\/v2\/media\/1812"}],"wp:attachment":[{"href":"https:\/\/nosotrasenlibertad.com\/libroweb\/wp-json\/wp\/v2\/media?parent=179"}],"wp:term":[{"taxonomy":"category","embeddable":true,"href":"https:\/\/nosotrasenlibertad.com\/libroweb\/wp-json\/wp\/v2\/categories?post=179"},{"taxonomy":"post_tag","embeddable":true,"href":"https:\/\/nosotrasenlibertad.com\/libroweb\/wp-json\/wp\/v2\/tags?post=179"}],"curies":[{"name":"wp","href":"https:\/\/api.w.org\/{rel}","templated":true}]}}