{"id":264,"date":"2021-03-31T17:18:15","date_gmt":"2021-03-31T17:18:15","guid":{"rendered":"https:\/\/nosotrasenlibertad.com\/libroweb\/?p=264"},"modified":"2021-09-26T18:37:57","modified_gmt":"2021-09-26T18:37:57","slug":"busquedas","status":"publish","type":"post","link":"https:\/\/nosotrasenlibertad.com\/libroweb\/busquedas\/","title":{"rendered":"B\u00fasquedas"},"content":{"rendered":"\n<p><\/p>\n\n\n\n<p>Despu\u00e9s de nueve a\u00f1os de cautiverio, por fin se concret\u00f3 mi libertad. \u201cLibertad vigilada\u201d, que significaba seguir estando presa pero en casa. Una mezcla de muchas emociones me invad\u00edan: alegr\u00eda, miedos y tristezas, porque un mont\u00f3n de compa\u00f1eros seguir\u00edan all\u00ed por vaya uno a saber cu\u00e1nto tiempo m\u00e1s.&nbsp;<\/p>\n\n\n\n<p>Las largas charlas mantenidas entre todas, pensando en el afuera, fue tambi\u00e9n parte de nuestra resistencia. M\u00e1s a\u00fan cuando hablar de \u201cinclusi\u00f3n social\u201d a nosotras nos tocaba tan de cerca. Sab\u00edamos que volver a insertarnos en la realidad de nuestro pa\u00eds, que ya no era la misma despu\u00e9s de tantos a\u00f1os de c\u00e1rcel, iba a ser dif\u00edcil, duro y complejo.&nbsp;<\/p>\n\n\n\n<p>Mi familia tampoco era la misma. Me esperaban pap\u00e1, mam\u00e1 y mi peque\u00f1o V\u00edctor Benjam\u00edn de ocho a\u00f1os de edad. Mi hermana Nora, mis hermanos Ar\u00edstides y Omar y mi compa\u00f1ero V\u00edctor Manuel ya nunca estar\u00edan con nosotros. Y mi hermano Dalmiro a\u00fan segu\u00eda preso en Rawson.<\/p>\n\n\n\n<p>Un camino largo y sinuoso me esperaba. Y el desaf\u00edo de poner en pr\u00e1ctica aquel compromiso contra\u00eddo entre todas las compa\u00f1eras: ser la denuncia viva en cada rinc\u00f3n donde nos encontrara plantada esta nueva vida. Y los interrogantes fueron llegando as\u00ed como si nada \u00bfDesde qu\u00e9 lugar? \u00bfSola? \u00bfCon qui\u00e9nes? \u00bfC\u00f3mo?<\/p>\n\n\n\n<p>Volv\u00ed a mi barrio y a los d\u00edas de estar con mi familia, decid\u00ed llegarme a la villa Itat\u00ed, aquella donde hab\u00eda comenzado mi primera militancia adolescente. Con temores y gran ansiedad, comenc\u00e9 a caminar por la villa que hab\u00eda crecido de manera descomunal. Recorr\u00ed los pasillos buscando una casa, aquella donde hab\u00eda estado con mi hermano Omar -all\u00e1 por los &#8217;70-, antes de mi detenci\u00f3n. Quer\u00eda encontrar a do\u00f1a Maruja y su esposo Oscar, quienes viv\u00edan en ese lugar. Camin\u00e9, camin\u00e9 y pregunt\u00e9 a los vecinos, pero nada. Ya de regreso para mi casa, desilusionada por no haberlos encontrado, vi una pareja -un se\u00f1or y una se\u00f1ora mayores- que me miraban con cara de asombro. Ella me dijo:&nbsp;\u201c\u00bfVos sos la hermanita de Chino?, \u00bfnos est\u00e1s buscando?\u201d. Asent\u00ed con la cabeza, no me sal\u00eda una sola palabra. Solo sent\u00eda el enorme abrazo de Maruja y Oscar que no paraban de llorar. Me invitaron a entrar a su casa. <\/p>\n\n\n\n<p>Al rato empez\u00f3 a llegar gente que me saludaba. Algunos a los que, poco a poco, reconoc\u00ed como Marga, los Camisa y el flaco Siri \u201cManga\u201d y Juanita R\u00edos, compa\u00f1era del padre Pepe Tedeschi. En fin, mucho afecto, comentarios, preguntas y la voz de Maruja:&nbsp;\u201cDurante dos meses tuvimos guardado a tu hermano, aqu\u00ed en esta casa, pensamos que hab\u00eda <em>zafado<\/em> pero m\u00e1s tarde supimos que no, que los milicos tambi\u00e9n a \u00e9l se lo hab\u00edan llevado\u201d.<\/p>\n\n\n\n<p>Juanita me record\u00f3 aquellos a\u00f1os de cine de base y guitarreadas en el barrio, las luchas constantes por la luz, el asfalto, y el agua. Me cont\u00f3:&nbsp;\u201cAsesinaron al Pepe en el &#8217;76 y sobreviv\u00ed al genocidio con Itat\u00ed en mi panza, tampoco ella lleg\u00f3 a conocer a su pap\u00e1\u201d. Cuando me estaba yendo, me dijeron que las puertas de villa Itat\u00ed estaban abiertas para m\u00ed. Est\u00e1bamos a punto de recuperar la democracia.&nbsp;<\/p>\n\n\n\n<p>Con la democracia lleg\u00f3 el plan de alfabetizaci\u00f3n a Quilmes. Me conect\u00e9 con el Centro Ecum\u00e9nico de Educaci\u00f3n popular (CEDEPO), que estaba a cargo de poner en marcha dicho plan. Hice mi formaci\u00f3n&nbsp;como Educadora Popular en el seno de dicho centro junto con compa\u00f1eras y compa\u00f1eros.&nbsp;<\/p>\n\n\n\n<p>Siempre me sent\u00ed una militante de la vida antes que de un partido. Como tal y con todas las herramientas que la Educaci\u00f3n Popular me brind\u00f3 decid\u00ed volver a villa Itat\u00ed. Esta din\u00e1mica de construcci\u00f3n y transformaci\u00f3n diversa, compleja e integral me encaminaba hacia el objetivo al que quer\u00eda llegar: recuperar junto con ellos la memoria hist\u00f3rica, la identidad cultural y nacional de nuestra sociedad.&nbsp;<\/p>\n\n\n\n<div class=\"wp-block-columns mf is-layout-flex wp-container-core-columns-is-layout-9d6595d7 wp-block-columns-is-layout-flex\">\n<div class=\"wp-block-column is-layout-flow wp-block-column-is-layout-flow\">\n<figure class=\"wp-block-image size-full\"><img decoding=\"async\" width=\"600\" height=\"397\" data-src=\"https:\/\/nosotrasenlibertad.com\/libroweb\/wp-content\/uploads\/2021\/07\/Nelfa-Rufina-Suarez-1.jpg\" alt=\"\" class=\"wp-image-9926 lazyload\" src=\"data:image\/svg+xml;base64,PHN2ZyB3aWR0aD0iMSIgaGVpZ2h0PSIxIiB4bWxucz0iaHR0cDovL3d3dy53My5vcmcvMjAwMC9zdmciPjwvc3ZnPg==\" style=\"--smush-placeholder-width: 600px; --smush-placeholder-aspect-ratio: 600\/397;\" \/><\/figure>\n<\/div>\n\n\n\n<div class=\"wp-block-column is-layout-flow wp-block-column-is-layout-flow\">\n<figure class=\"wp-block-image size-full\"><img decoding=\"async\" width=\"600\" height=\"397\" data-src=\"https:\/\/nosotrasenlibertad.com\/libroweb\/wp-content\/uploads\/2021\/07\/Nelfa-Rufina-Suarez-2.jpg\" alt=\"\" class=\"wp-image-9927 lazyload\" src=\"data:image\/svg+xml;base64,PHN2ZyB3aWR0aD0iMSIgaGVpZ2h0PSIxIiB4bWxucz0iaHR0cDovL3d3dy53My5vcmcvMjAwMC9zdmciPjwvc3ZnPg==\" style=\"--smush-placeholder-width: 600px; --smush-placeholder-aspect-ratio: 600\/397;\" \/><\/figure>\n<\/div>\n<\/div>\n\n\n\n<p>Entend\u00ed que no alcanzaba solo con la denuncia, era necesario partir de la base: el sujeto de la transformaci\u00f3n es la gente, es la sociedad organizada y nosotras somos parte de esa sociedad, que es el sujeto de la acci\u00f3n. Esa pr\u00e1ctica constante de construcci\u00f3n conjunta, colectiva, de intercambio de experiencias, ese ida y vuelta indefectiblemente te lleva a la comprensi\u00f3n cabal de cu\u00e1l es el punto de partida: la gente. Durante ocho a\u00f1os alfabetic\u00e9 en ese barrio y a\u00fan hoy, por distintos motivos -siempre los hay- sigo comunicada con ellos.<\/p>\n\n\n\n<p>Con mi hijo V\u00edctor, no dejamos nunca de caminar juntos, constantemente nos descubrimos invadiendo lo desconocido, penetrando en lo m\u00e1s profundo, buscando y encontrando nuevos horizontes. Tan es as\u00ed que pronto la realidad nos encontr\u00f3 trabajando a la par, junto con docentes y alumnos en escuelas secundarias, en la construcci\u00f3n del pensamiento, a partir de la transmisi\u00f3n de nuestras experiencias durante la \u00faltima dictadura militar. Lo hicimos desde el reconocimiento de la necesidad de partir de su propia realidad, la de ellos, que nunca es igual a la de los otros. Lo bueno es comprobar que el an\u00e1lisis conjunto en ese contexto de intercambio y conocimiento, ya no est\u00e1s en el nivel inicial, estamos en otro nivel, estamos en un nuevo punto de partida, el que posibilit\u00f3 la construcci\u00f3n colectiva.&nbsp;&nbsp;<\/p>\n\n\n\n<p>\u201cPara que pueda ser, ha de ser otra, salir de m\u00ed, buscarme entre los otros, los que no son si yo no existo, los otros que me dan plena existencia\u201d, este pensamiento de Octavio Paz es el que me acompa\u00f1a en el d\u00eda a d\u00eda.&nbsp;<\/p>\n\n\n\n<p>As\u00ed es que en esos crecientes testimonios que he dejado en distintos territorios tambi\u00e9n agradec\u00ed y agradezco a la vida haber recibido de ella la mejor entrega: que mi \u00fanico hijo junto con su compa\u00f1era, Nancy, sean los responsables de haber llenado de luz mi cotidianeidad al permitirme disfrutar plenamente de esos tesoros que son mis nietos Lucas y Fiona. Ellos son los que rompen los velos de las cicatrices opacas, los que me invitan a que marchemos juntos cada d\u00eda y en la misma direcci\u00f3n, la del amor, y a que siga busc\u00e1ndome todos los d\u00edas de mi vida,&nbsp;ah\u00ed donde sea que est\u00e9 y los halle.&nbsp;<\/p>\n","protected":false},"excerpt":{"rendered":"<p>Despu\u00e9s de nueve a\u00f1os de cautiverio, por fin se concret\u00f3 mi libertad. \u201cLibertad vigilada\u201d, que significaba seguir estando presa pero en casa. Una mezcla de muchas emociones me invad\u00edan: alegr\u00eda, miedos y tristezas, porque un mont\u00f3n de compa\u00f1eros seguir\u00edan all\u00ed por vaya uno a saber cu\u00e1nto tiempo m\u00e1s.&nbsp; Las largas charlas mantenidas entre todas, pensando [&hellip;]<\/p>\n","protected":false},"author":1,"featured_media":1714,"comment_status":"closed","ping_status":"open","sticky":false,"template":"single-bonaerenses.php","format":"standard","meta":{"_acf_changed":false,"footnotes":""},"categories":[4],"tags":[29,30],"class_list":["post-264","post","type-post","status-publish","format-standard","has-post-thumbnail","hentry","category-bonaerenses","tag-actividad-comunitaria","tag-derechos-humanos"],"acf":[],"_links":{"self":[{"href":"https:\/\/nosotrasenlibertad.com\/libroweb\/wp-json\/wp\/v2\/posts\/264","targetHints":{"allow":["GET"]}}],"collection":[{"href":"https:\/\/nosotrasenlibertad.com\/libroweb\/wp-json\/wp\/v2\/posts"}],"about":[{"href":"https:\/\/nosotrasenlibertad.com\/libroweb\/wp-json\/wp\/v2\/types\/post"}],"author":[{"embeddable":true,"href":"https:\/\/nosotrasenlibertad.com\/libroweb\/wp-json\/wp\/v2\/users\/1"}],"replies":[{"embeddable":true,"href":"https:\/\/nosotrasenlibertad.com\/libroweb\/wp-json\/wp\/v2\/comments?post=264"}],"version-history":[{"count":39,"href":"https:\/\/nosotrasenlibertad.com\/libroweb\/wp-json\/wp\/v2\/posts\/264\/revisions"}],"predecessor-version":[{"id":12641,"href":"https:\/\/nosotrasenlibertad.com\/libroweb\/wp-json\/wp\/v2\/posts\/264\/revisions\/12641"}],"wp:featuredmedia":[{"embeddable":true,"href":"https:\/\/nosotrasenlibertad.com\/libroweb\/wp-json\/wp\/v2\/media\/1714"}],"wp:attachment":[{"href":"https:\/\/nosotrasenlibertad.com\/libroweb\/wp-json\/wp\/v2\/media?parent=264"}],"wp:term":[{"taxonomy":"category","embeddable":true,"href":"https:\/\/nosotrasenlibertad.com\/libroweb\/wp-json\/wp\/v2\/categories?post=264"},{"taxonomy":"post_tag","embeddable":true,"href":"https:\/\/nosotrasenlibertad.com\/libroweb\/wp-json\/wp\/v2\/tags?post=264"}],"curies":[{"name":"wp","href":"https:\/\/api.w.org\/{rel}","templated":true}]}}