{"id":274,"date":"2021-03-31T17:25:07","date_gmt":"2021-03-31T17:25:07","guid":{"rendered":"https:\/\/nosotrasenlibertad.com\/libroweb\/?p=274"},"modified":"2021-10-05T13:46:11","modified_gmt":"2021-10-05T13:46:11","slug":"felicidad","status":"publish","type":"post","link":"https:\/\/nosotrasenlibertad.com\/libroweb\/felicidad\/","title":{"rendered":"Felicidad"},"content":{"rendered":"\n<p><\/p>\n\n\n\n<p>Soy Mar\u00eda Eva Romero. Soy de Posadas, Misiones, tengo sesenta y siete a\u00f1os y estuve detenida en mi ciudad casi dos. Despu\u00e9s me llevaron a la c\u00e1rcel de Villa Devoto con todas las compa\u00f1eras.<\/p>\n\n\n\n<p>Sal\u00ed en libertad el 24 de diciembre de 1979. Lo m\u00e1s chistoso es que me quer\u00edan traer en el camioncito de los militares y yo no quise. Dec\u00ed que justo vino el pap\u00e1 de una de las compa\u00f1eras y pude viajar con ella desde Chaco -estaba all\u00ed porque nos hicieron Consejo de Guerra en Resistencia- hasta Posadas.&nbsp;<\/p>\n\n\n\n<p>Durante todo el trayecto el pap\u00e1 iba retando&nbsp;a mi compa\u00f1era y no pudimos fumar un solo cigarrillo \u00a1una desesperaci\u00f3n total! Llegu\u00e9 a las seis de la tarde m\u00e1s o menos a mi casa, no encontr\u00e9 a nadie de mi familia, justo un 24 de diciembre. Tuve que ir a la casa de mi hermana, me llev\u00f3 mi vecino.<\/p>\n\n\n\n<p>Despu\u00e9s de eso empec\u00e9 a buscar trabajo, lo consegu\u00ed en un supermercado y ten\u00eda ah\u00ed, todos los d\u00edas, a un m\u00e9dico torturador que me iba a visitar, iba a comprar: un picadillo, un <em>pat\u00e9 de foie<\/em>, como para decirme: \u201cAc\u00e1 estoy, no te hagas la viva\u201d. Me segu\u00edan. Estaba con mi mam\u00e1 y mis hermanas, en mi casa. Finalmente, viaj\u00e9 para Buenos Aires porque ya no soportaba m\u00e1s esa situaci\u00f3n.&nbsp;<\/p>\n\n\n\n<p>Cuando caminaba por las calles de Buenos Aires, Capital Federal, miraba a todas las chicas que pasaban al lado m\u00edo para ver si conoc\u00eda a alguien, alguna persona conocida, alguna compa\u00f1era\u2026 y no conoc\u00eda a nadie, a nadie, a nadie\u2026<\/p>\n\n\n\n<p>Luego&nbsp;empec\u00e9 a trabajar, conoc\u00ed a mi pareja y, despu\u00e9s de cuatro o cinco a\u00f1os, tuve a mis hijos: dos mujeres y un var\u00f3n.<\/p>\n\n\n\n<div class=\"wp-block-columns mf is-layout-flex wp-container-core-columns-is-layout-9d6595d7 wp-block-columns-is-layout-flex\">\n<div class=\"wp-block-column is-layout-flow wp-block-column-is-layout-flow\">\n<figure class=\"wp-block-image size-full\"><img decoding=\"async\" width=\"600\" height=\"800\" data-src=\"https:\/\/nosotrasenlibertad.com\/libroweb\/wp-content\/uploads\/2021\/07\/Maria-Eva-Romero-1.jpg\" alt=\"\" class=\"wp-image-9915 lazyload\" src=\"data:image\/svg+xml;base64,PHN2ZyB3aWR0aD0iMSIgaGVpZ2h0PSIxIiB4bWxucz0iaHR0cDovL3d3dy53My5vcmcvMjAwMC9zdmciPjwvc3ZnPg==\" style=\"--smush-placeholder-width: 600px; --smush-placeholder-aspect-ratio: 600\/800;\" \/><\/figure>\n<\/div>\n\n\n\n<div class=\"wp-block-column is-layout-flow wp-block-column-is-layout-flow\">\n<figure class=\"wp-block-image size-full\"><img decoding=\"async\" width=\"600\" height=\"800\" data-src=\"https:\/\/nosotrasenlibertad.com\/libroweb\/wp-content\/uploads\/2021\/07\/Maria-Eva-Romero-2.jpg\" alt=\"\" class=\"wp-image-9916 lazyload\" src=\"data:image\/svg+xml;base64,PHN2ZyB3aWR0aD0iMSIgaGVpZ2h0PSIxIiB4bWxucz0iaHR0cDovL3d3dy53My5vcmcvMjAwMC9zdmciPjwvc3ZnPg==\" style=\"--smush-placeholder-width: 600px; --smush-placeholder-aspect-ratio: 600\/800;\" \/><\/figure>\n<\/div>\n<\/div>\n\n\n\n<p>Despu\u00e9s de un tiempo vine a vivir a Quilmes, all\u00ed fue cuando conoc\u00ed a Graciela, en una guarder\u00eda donde llev\u00e1bamos a nuestras hijitas. Nos encontramos \u00a1Por fin una compa\u00f1era! Hasta&nbsp;ahora es mi amiga querida.<\/p>\n\n\n\n<p>No encontr\u00e9 cabida en ning\u00fan lado para hacer algo pol\u00edticamente, hasta que mi hermana me trasmiti\u00f3 una ley, que es la ley de causa y efecto, la ley m\u00edstica del budismo que es para transformar tu vida. La estaba pasando muy mal, estaba sola criando mis hijos, alquilaba, me hab\u00eda quedado sin empleo y empec\u00e9 a trabajar en casas de familia, con muchos sufrimientos.<\/p>\n\n\n\n<p>De ah\u00ed en adelante practiqu\u00e9 el budismo Nichiren Paihonin, que es lo que me fortaleci\u00f3 y me ayud\u00f3 a cambiar mi vida. Porque ten\u00eda mucho odio, mucho odio hacia todo, por todo lo que hab\u00eda pasado. Encontr\u00e9 una continuidad entre mi pensamiento peronista y la filosof\u00eda budista que incluye la justicia, la felicidad, la armon\u00eda, el bienestar y la paz para todas las personas.<\/p>\n\n\n\n<p>Hoy sigo practicando y trasmitiendo la ley m\u00edstica, el <em>Nam-myojo-renge-kyo<\/em> por la felicidad, la paz y la armon\u00eda de todas las familias. Lo logr\u00e9, lo logr\u00e9, mis hijos est\u00e1n grandes, trabajando. Yo bien, solamente que de un ojo no veo y del otro tengo cuatro de visi\u00f3n, tengo glaucoma. Nunca supe que ten\u00eda glaucoma porque estando en Devoto nunca vi un oculista y es una enfermedad que avanza.<\/p>\n\n\n\n<p>Hoy en mi vida estoy bien, tranquila, siempre luchando para que la gente pueda lograr la felicidad en su familia, con sus hijos y cambiar la situaci\u00f3n en la que est\u00e1.<\/p>\n\n\n\n<p>El budismo que practico es de la <em>Soka Gakkai<\/em>, una Organizaci\u00f3n No Gubernamental (ONG) mundial de creyentes budistas para el desarrollo de tareas en el campo de la paz, la educaci\u00f3n y la cultura. El lema de este a\u00f1o para todos los argentinos es \u201cEsperanza, Victoria y Felicidad\u201d. No dejo de tener mi coraz\u00f3n peronista, apostando por N\u00e9stor, Cristina y Alberto, orando para que puedan iluminarse y tomar las decisiones correctas para nuestro pueblo.<\/p>\n\n\n\n<p><\/p>\n","protected":false},"excerpt":{"rendered":"<p>Soy Mar\u00eda Eva Romero. Soy de Posadas, Misiones, tengo sesenta y siete a\u00f1os y estuve detenida en mi ciudad casi dos. Despu\u00e9s me llevaron a la c\u00e1rcel de Villa Devoto con todas las compa\u00f1eras. Sal\u00ed en libertad el 24 de diciembre de 1979. Lo m\u00e1s chistoso es que me quer\u00edan traer en el camioncito de [&hellip;]<\/p>\n","protected":false},"author":1,"featured_media":1710,"comment_status":"closed","ping_status":"open","sticky":false,"template":"single-bonaerenses.php","format":"standard","meta":{"_acf_changed":false,"footnotes":""},"categories":[4],"tags":[29],"class_list":["post-274","post","type-post","status-publish","format-standard","has-post-thumbnail","hentry","category-bonaerenses","tag-actividad-comunitaria"],"acf":[],"_links":{"self":[{"href":"https:\/\/nosotrasenlibertad.com\/libroweb\/wp-json\/wp\/v2\/posts\/274","targetHints":{"allow":["GET"]}}],"collection":[{"href":"https:\/\/nosotrasenlibertad.com\/libroweb\/wp-json\/wp\/v2\/posts"}],"about":[{"href":"https:\/\/nosotrasenlibertad.com\/libroweb\/wp-json\/wp\/v2\/types\/post"}],"author":[{"embeddable":true,"href":"https:\/\/nosotrasenlibertad.com\/libroweb\/wp-json\/wp\/v2\/users\/1"}],"replies":[{"embeddable":true,"href":"https:\/\/nosotrasenlibertad.com\/libroweb\/wp-json\/wp\/v2\/comments?post=274"}],"version-history":[{"count":30,"href":"https:\/\/nosotrasenlibertad.com\/libroweb\/wp-json\/wp\/v2\/posts\/274\/revisions"}],"predecessor-version":[{"id":12634,"href":"https:\/\/nosotrasenlibertad.com\/libroweb\/wp-json\/wp\/v2\/posts\/274\/revisions\/12634"}],"wp:featuredmedia":[{"embeddable":true,"href":"https:\/\/nosotrasenlibertad.com\/libroweb\/wp-json\/wp\/v2\/media\/1710"}],"wp:attachment":[{"href":"https:\/\/nosotrasenlibertad.com\/libroweb\/wp-json\/wp\/v2\/media?parent=274"}],"wp:term":[{"taxonomy":"category","embeddable":true,"href":"https:\/\/nosotrasenlibertad.com\/libroweb\/wp-json\/wp\/v2\/categories?post=274"},{"taxonomy":"post_tag","embeddable":true,"href":"https:\/\/nosotrasenlibertad.com\/libroweb\/wp-json\/wp\/v2\/tags?post=274"}],"curies":[{"name":"wp","href":"https:\/\/api.w.org\/{rel}","templated":true}]}}