{"id":276,"date":"2021-03-31T17:26:25","date_gmt":"2021-03-31T17:26:25","guid":{"rendered":"https:\/\/nosotrasenlibertad.com\/libroweb\/?p=276"},"modified":"2021-10-22T17:19:59","modified_gmt":"2021-10-22T17:19:59","slug":"a-vuelo-de-pajaro","status":"publish","type":"post","link":"https:\/\/nosotrasenlibertad.com\/libroweb\/a-vuelo-de-pajaro\/","title":{"rendered":"A vuelo de p\u00e1jaro"},"content":{"rendered":"\n<p>En enero de 1981 part\u00ed de la Unidad Penitenciaria N\u00ba 2 de Villa Devoto al aeropuerto de Ezeiza, rumbo al reino de Suecia. Sent\u00eda alegr\u00eda por mi libertad pero a su vez tristeza por dejar a mis compa\u00f1eras con quienes hab\u00eda compartido risas y llantos casi seis a\u00f1os de mi vida y con quienes me sent\u00eda acompa\u00f1ada y unida. Adem\u00e1s no quer\u00eda irme del pa\u00eds, menos tan lejos, casi el Polo Norte.<\/p>\n\n\n\n<p>Los dos a\u00f1os que pas\u00e9 en ese pa\u00eds estuvieron dedicados a preparar mi regreso a la Argentina. Suecia es un pa\u00eds muy particular por su sistema de protecci\u00f3n social muy bien armado, la comunidad organizada, por su clima tan extremo, por su idioma tan dif\u00edcil y por su gente cerrada en s\u00ed misma. Con mis compatriotas, en el Argentina Comit\u00e9, hicimos actividades de repudio a la dictadura genocida. Y nos vimos explicando porqu\u00e9 defend\u00edamos la recuperaci\u00f3n de las Malvinas, si est\u00e1bamos contra el gobierno militar.<\/p>\n\n\n\n<p>En febrero de 1983 llegu\u00e9 a San Pablo, Brasil, y fue ingresar en otro mundo. All\u00ed compart\u00ed muchas movilizaciones multitudinarias con la Iglesia y el Partido de los Trabajadores (PT), con gente muy c\u00e1lida. Particip\u00e9 en un grupo que alfabetizaba en barrios muy empobrecidos. Mi recuerdo fraterno hacia esos compa\u00f1erxs brasile\u00f1xs tan solidarios conmigo y con otros refugiados. Hasta que en octubre volv\u00ed, con mucha emoci\u00f3n, a la Argentina.&nbsp;<\/p>\n\n\n\n<p>Desde la Comisi\u00f3n Peronista de Derechos Humanos (DDHH) se cre\u00f3 el Taller Psicoasistencial para atender a ni\u00f1xs. Recibimos muestra de solidaridad de Joan Manuel Serrat. En el a\u00f1o 1985, en Mor\u00f3n, desde el <span class=\"tool-tip\">Peronismo para la Victoria<span class=\"tool-tip-text\">Agrupaci\u00f3n peronista de base.<\/span><\/span>, creamos este taller donde atendimos a hijxs de compa\u00f1erxs desaparecidos de la zona. Los s\u00e1bados nos junt\u00e1bamos para hacer actividades pl\u00e1sticas, deportivas e ir a la calesita.<\/p>\n\n\n\n<p>En 1987 participamos de la campa\u00f1a electoral de <span class=\"tool-tip\">Juan Carlos Rousselot<span class=\"tool-tip-text\">(1935-2010).  Periodista, presentador y pol\u00edtico argentino. Referente peronista, intendente de la localidad bonaerense de Mor\u00f3n en tres per\u00edodos. Acusado, en reiteradas oportunidades, por malversaci\u00f3n de fondos p\u00fablicos. <\/span><\/span> y ganamos la elecci\u00f3n. El nuevo intendente alberg\u00f3 en su gobierno a todo el espectro del peronismo de Mor\u00f3n, de derecha a izquierda. Y cre\u00f3 la primera Direcci\u00f3n de DDHH municipal, donde fue designado mi compa\u00f1ero Edy.<\/p>\n\n\n\n<p>Durante 1989 hicimos campa\u00f1a para Menem y ganamos. Mi gu\u00eda siempre fue el Ministerio de Econom\u00eda, seg\u00fan qui\u00e9n estaba y qu\u00e9 pol\u00edticas implementaba, era de mi simpat\u00eda o no. Al principio, no entend\u00ed su estrategia pero el nombramiento de <span class=\"tool-tip\">Cavallo<span class=\"tool-tip-text\">Domingo Cavallo. Economista y pol\u00edtico argentino. Estatiz\u00f3 la deuda privada en 1982 durante la dictadura c\u00edvico militar. Ministro de Econom\u00eda en la presidencia de Carlos Menen y de Fernando de la R\u00faa. Responsable del corralito financiero que restringi\u00f3 el retiro de dinero de los bancos en el a\u00f1o 2001.<\/span><\/span> aclar\u00f3 todo y en ese momento dejamos de militar. Est\u00e1bamos desorientados, tristes, confundidos, ya nos hab\u00edan echado del municipio. Con la primera destituci\u00f3n de Rousselot asume quien -iron\u00edas al margen- desaparece del organigrama municipal la Direcci\u00f3n de DDHH.&nbsp;<\/p>\n\n\n\n<p>En ese tiempo ve\u00edamos la pol\u00edtica desde afuera, era raro, carec\u00edamos de ingresos. Vend\u00ed seguros, fideos, art\u00edculos de limpieza y trabaj\u00e9 en un <em>lave rap<\/em>. Un viejo compa\u00f1ero me ofreci\u00f3 vender una l\u00ednea de productos naturales y all\u00ed me sum\u00e9 al <em>Reino de la Miel<\/em> como vendedora, arm\u00e9 grupos de venta y, en dos a\u00f1os, fui directora de Ventas. Mantuvimos este trabajo por ocho a\u00f1os, hasta diciembre de 1999 siendo un buen complemento de ingresos.&nbsp;<\/p>\n\n\n\n<p>Por otro lado y en paralelo, en 1993, una amiga me ofreci\u00f3 un contrato del Programa de las Naciones Unidas para el Desarrollo (PNUD) para trabajar en la Subsecretar\u00eda de DDHH de Naci\u00f3n. Y all\u00ed estuve un largo tiempo. En enero de 2000 pas\u00e9 a trabajar en la Legislatura de la Ciudad de Buenos Aires regresando en el 2003 a la Secretar\u00eda de DDHH, hasta 2005.<\/p>\n\n\n\n<p>En 1999 <span class=\"tool-tip\">Mario Oporto<span class=\"tool-tip-text\">Pol\u00edtico y profesor de historia. Referente del partido Justicialista de la localidad bonaerense de Mor\u00f3n. Fue diputado y jefe de gabinete de la provincia de Buenos Aires entre 2005 y 2007.<\/span><\/span> nos convoc\u00f3 a ser parte de una nueva agrupaci\u00f3n en Mor\u00f3n, la Agrupaci\u00f3n Movimiento. Desde all\u00ed realizamos pe\u00f1as pol\u00edticas en octubre, noviembre y diciembre de ese a\u00f1o. Invit\u00e1bamos a compa\u00f1erxs del distrito a participar con un invitado especial, de este modo sal\u00edamos a la vida pol\u00edtica de Mor\u00f3n.&nbsp;<\/p>\n\n\n\n<p>En marzo de 2000 trajimos a <span class=\"tool-tip\">Cristina Fern\u00e1ndez de Kirchner<span class=\"tool-tip-text\">Cristina Fern\u00e1ndez de Kirchner. Pol\u00edtica y abogada argentina, presidenta de la Naci\u00f3n entre el 10 de diciembre de 2007 y el 9 de diciembre de 2015 Actualmente, vice presidenta.<\/span><\/span> a una pe\u00f1a, en el Sindicato de Luz y Fuerza, si bien la conoc\u00edamos por sus entrevistas en la tele todos quedamos maravillados. Sent\u00ed que habl\u00e1bamos el mismo idioma. Desde all\u00ed el contacto con los Kirchner continu\u00f3.<\/p>\n\n\n\n<p>En 2001 y 2002 colocamos placas recordatorias de compa\u00f1eros desaparecidos en las escuelas donde asistieron. En la escuela secundaria y t\u00e9cnica <span class=\"tool-tip\">AUPI<span class=\"tool-tip-text\">Asociaci\u00f3n Un\u00e1monos por Ituzaingo en apoyo a la educaci\u00f3n en escuelas secundarias y t\u00e9cnicas.<\/span><\/span> de Ituzaing\u00f3 y la T\u00e9cnica N\u00b0 1 de Mor\u00f3n sur.<\/p>\n\n\n\n<p>En noviembre de 2001 realizamos, en formato de pe\u00f1a, un homenaje a don <span class=\"tool-tip\">Arturo Jauretche<span class=\"tool-tip-text\">Arturo Jauretche (1901-1974). Pensador, escritor y pol\u00edtico argentino. Fue fundador de la Fuerza de Orientaci\u00f3n Radical de la Joven Argentina (FORJA). A parir del 17 de octubre de 1945 pas\u00f3 a integrar las filas del peronismo. <\/span><\/span>, tambi\u00e9n en Luz y Fuerza. En septiembre del a\u00f1o siguiente alquilamos un local en San Mart\u00edn y Rivadavia. All\u00ed, en octubre, colocamos un gran cartel kirchnerista en la ochava. Para nuestro orgullo fue la primera identificaci\u00f3n p\u00fablica, en Mor\u00f3n, con N\u00e9stor Kirchner. Y despu\u00e9s hicimos campa\u00f1a por N\u00e9stor y en diciembre, el gran festejo del triunfo.<\/p>\n\n\n\n<figure class=\"wp-block-image size-full imgFloat\"><img decoding=\"async\" width=\"400\" height=\"397\" data-src=\"https:\/\/nosotrasenlibertad.com\/libroweb\/wp-content\/uploads\/2021\/07\/Maria-Cristina-Rodriguez.jpg\" alt=\"\" class=\"wp-image-9859 lazyload\" data-srcset=\"https:\/\/nosotrasenlibertad.com\/libroweb\/wp-content\/uploads\/2021\/07\/Maria-Cristina-Rodriguez.jpg 400w, https:\/\/nosotrasenlibertad.com\/libroweb\/wp-content\/uploads\/2021\/07\/Maria-Cristina-Rodriguez-300x298.jpg 300w, https:\/\/nosotrasenlibertad.com\/libroweb\/wp-content\/uploads\/2021\/07\/Maria-Cristina-Rodriguez-150x150.jpg 150w\" data-sizes=\"(max-width: 400px) 100vw, 400px\" src=\"data:image\/svg+xml;base64,PHN2ZyB3aWR0aD0iMSIgaGVpZ2h0PSIxIiB4bWxucz0iaHR0cDovL3d3dy53My5vcmcvMjAwMC9zdmciPjwvc3ZnPg==\" style=\"--smush-placeholder-width: 400px; --smush-placeholder-aspect-ratio: 400\/397;\" \/><\/figure>\n\n\n\n<p>Con Oporto peleamos el Partido Justicialista (PJ) de Mor\u00f3n y lo ganamos. Y desde all\u00ed encabec\u00e9 la campa\u00f1a a concejala en 2005. Entramos en el Concejo Deliberante. En marzo de 2006 organic\u00e9 desde el Honorable Concejo Deliberante la conmemoraci\u00f3n de los Treinta a\u00f1os del Golpe con distintas actividades: charla con <span class=\"tool-tip\">Estela Carlotto<span class=\"tool-tip-text\">Presidenta de la Asociaci\u00f3n Abuelas de Plaza de Mayo.<\/span><\/span> en el sindicato de Comercio, Encuentro con <span class=\"tool-tip\">Arslani\u00e1n<span class=\"tool-tip-text\">Arslani\u00e1n Carlos: ex juez que integr\u00f3 el tribunal que en 1985 conden\u00f3 a la Junta Militar (1976-1983). Adem\u00e1s, fue Ministro de Justicia y Seguridad de la provincia de Buenos Aires.<\/span><\/span> en el sindicato de Municipales y homenaje a ex combatientes de la Guerra de Las Malvinas en <span class=\"tool-tip\"><em>Credicoop<\/em><span class=\"tool-tip-text\">El Banco Credicoop Cooperativo Limitado es un banco cooperativo argentino. <\/span><\/span> de Haedo, entre otras.<\/p>\n\n\n\n<p>Hasta junio de 2016 ejerc\u00ed como concejala de Mor\u00f3n. Tres campa\u00f1as electorales como <span class=\"tool-tip\">Frente para la Victoria<span class=\"tool-tip-text\">Coalici\u00f3n de fuerzas pol\u00edticas peronistas creada en 2003 para la candidatura presidencial de N\u00e9stor Kirchner.<\/span><\/span> acompa\u00f1ando las pol\u00edticas de N\u00e9stor primero y Cristina despu\u00e9s. Quiero destacar de mis diez a\u00f1os de concejal\u00eda una propuesta que junto con <span class=\"tool-tip\">Nuevo Encuentro<span class=\"tool-tip-text\">Fuerza pol\u00edtica de centro izquierda liderada por Mart\u00edn Sabatella. Fue fundada en 2004. Integr\u00f3 el Frente de Todos.<\/span><\/span> concretamos: <em>30.000 Motivos<\/em>. Todos los diciembre, a partir de 2010, reconocimos en una sesi\u00f3n especial a cada detenidx desaparecidx. Hasta 2015 fueron 168 compa\u00f1erxs homenajeadxs.<\/p>\n\n\n\n<p>Desde 2003 nos reencontramos con Emilio P\u00e9rsico con quien compartimos el Peronismo Revolucionario all\u00e1 por el ochenta y tanto. Y desde entonces soy parte del <span class=\"tool-tip\">Movimiento Evita<span class=\"tool-tip-text\">Movimiento social, sindical y pol\u00edtico. Creado en 2004, form\u00f3 parte del Frente para la Victoria (FTV) que gobern\u00f3 entre 2003 y 2015. Integra la Confederaci\u00f3n de Trabajadores de la Economia Popular (CETEP).<\/span><\/span>. Ejerc\u00ed la responsabilidad del mismo en Mor\u00f3n durante m\u00e1s de una d\u00e9cada. Y considero que es necesario el pase de esas responsabilidades a lxs j\u00f3venes. Por eso, desde hace algunos a\u00f1os hay un equipo que tom\u00f3 las riendas en Mor\u00f3n y lo conduce bien.<\/p>\n\n\n\n<p>En enero de 2009, junto con ex detenidos pol\u00edticos y personas interesadas en mantener la memoria, constituimos un espacio llamado Barrios x Memoria y Justicia zona Oeste. En este espacio nuestra tarea consist\u00eda en colocar baldosas predise\u00f1adas y hechas artesanalmente en distintos lugares. Ellas marcan los pasos de los militantes populares detenidos desaparecidos, las baldosas designan personas y denuncian hechos. Denuncian a los autores del horror. Y devuelven el nombre a los detenidos desaparecidos. Los inscriben en una ciudad. Por ejemplo la que pusimos por Jorge De Iriarte en la puerta de la que fuera su casa. Nos juntamos con su familia y amigos y la confeccionamos. Una vez seca hicimos un acto y la colocamos en su vereda. Quienes lo conocieron hablaron sobre \u00e9l y entregamos un se\u00f1alador de recuerdo del acto a cada participante. En total fueron colocadas veintisiete baldosas que recuerdan a sesenta y ocho compa\u00f1eros y compa\u00f1eras detenidos desaparecidos.<\/p>\n\n\n\n<p>Constitu\u00ed una familia hermosa que hoy se multiplica con cuatro nietxs. En 2019, luego de la <em>argendemia macrista<\/em>, volvimos a ganar la Naci\u00f3n, la provincia y el municipio.<\/p>\n\n\n\n<p>Hoy soy directora de la Direcci\u00f3n de Usuarios y Consumidores de Mor\u00f3n. Nuevo desaf\u00edo que espero cumplir bien.<\/p>\n\n\n\n<p>A vuelo de p\u00e1jaro esta fue mi vida despu\u00e9s de Olmos y Devoto.<\/p>\n","protected":false},"excerpt":{"rendered":"<p>En enero de 1981 part\u00ed de la Unidad Penitenciaria N\u00ba 2 de Villa Devoto al aeropuerto de Ezeiza, rumbo al reino de Suecia. Sent\u00eda alegr\u00eda por mi libertad pero a su vez tristeza por dejar a mis compa\u00f1eras con quienes hab\u00eda compartido risas y llantos casi seis a\u00f1os de mi vida y con quienes me [&hellip;]<\/p>\n","protected":false},"author":1,"featured_media":1833,"comment_status":"closed","ping_status":"open","sticky":false,"template":"single-bonaerenses.php","format":"standard","meta":{"_acf_changed":false,"footnotes":""},"categories":[4],"tags":[30],"class_list":["post-276","post","type-post","status-publish","format-standard","has-post-thumbnail","hentry","category-bonaerenses","tag-derechos-humanos"],"acf":[],"_links":{"self":[{"href":"https:\/\/nosotrasenlibertad.com\/libroweb\/wp-json\/wp\/v2\/posts\/276","targetHints":{"allow":["GET"]}}],"collection":[{"href":"https:\/\/nosotrasenlibertad.com\/libroweb\/wp-json\/wp\/v2\/posts"}],"about":[{"href":"https:\/\/nosotrasenlibertad.com\/libroweb\/wp-json\/wp\/v2\/types\/post"}],"author":[{"embeddable":true,"href":"https:\/\/nosotrasenlibertad.com\/libroweb\/wp-json\/wp\/v2\/users\/1"}],"replies":[{"embeddable":true,"href":"https:\/\/nosotrasenlibertad.com\/libroweb\/wp-json\/wp\/v2\/comments?post=276"}],"version-history":[{"count":44,"href":"https:\/\/nosotrasenlibertad.com\/libroweb\/wp-json\/wp\/v2\/posts\/276\/revisions"}],"predecessor-version":[{"id":13969,"href":"https:\/\/nosotrasenlibertad.com\/libroweb\/wp-json\/wp\/v2\/posts\/276\/revisions\/13969"}],"wp:featuredmedia":[{"embeddable":true,"href":"https:\/\/nosotrasenlibertad.com\/libroweb\/wp-json\/wp\/v2\/media\/1833"}],"wp:attachment":[{"href":"https:\/\/nosotrasenlibertad.com\/libroweb\/wp-json\/wp\/v2\/media?parent=276"}],"wp:term":[{"taxonomy":"category","embeddable":true,"href":"https:\/\/nosotrasenlibertad.com\/libroweb\/wp-json\/wp\/v2\/categories?post=276"},{"taxonomy":"post_tag","embeddable":true,"href":"https:\/\/nosotrasenlibertad.com\/libroweb\/wp-json\/wp\/v2\/tags?post=276"}],"curies":[{"name":"wp","href":"https:\/\/api.w.org\/{rel}","templated":true}]}}