{"id":316,"date":"2021-03-31T22:53:04","date_gmt":"2021-03-31T22:53:04","guid":{"rendered":"https:\/\/nosotrasenlibertad.com\/libroweb\/?p=316"},"modified":"2021-09-26T18:30:12","modified_gmt":"2021-09-26T18:30:12","slug":"meta-vivir-nomas","status":"publish","type":"post","link":"https:\/\/nosotrasenlibertad.com\/libroweb\/meta-vivir-nomas\/","title":{"rendered":"Meta vivir nom\u00e1s"},"content":{"rendered":"\n<p>Llegaba del infierno largas horas<br>de incertidumbre y miedo,<br>dolor, mucha tristeza y bronca.<br>Fueron d\u00edas eternos hasta el decreto,<br>el que se esperaba como una salvaci\u00f3n, <br>cuando en realidad era una condena. <br>Sin motivo.<br>Y all\u00ed est\u00e1bamos todas, aquellas compa\u00f1eras<br>que so\u00f1\u00e1bamos con el hombre nuevo,<br>con un pa\u00eds de todos y para todos<br>el pa\u00eds de la Patria justa y libre.<br>Y era una celda, una c\u00e1rcel y tu voz peque\u00f1a y suave<br>me dio la bienvenida ese d\u00eda de mayo de 1976.<br>Hola mi abogada, ac\u00e1 estamos \u00a1meta vivir nom\u00e1s!<br>Y fue una sonrisa entre tanto oprobio, una canci\u00f3n<br>entre tanto llanto.<br>\u201cVamos juntas compa\u00f1era, <br>que no tardar\u00e1 en llegar nuestro d\u00eda, <br>nuestra hora, en que todo ha de cambiar\u201d.<br>Y pasaron los d\u00edas, los meses y los a\u00f1os.<br>Tu humor siempre sarc\u00e1stico, <br>tu amor por Miguel Hern\u00e1ndez<br>que muri\u00f3 en la c\u00e1rcel y de quien aprend\u00ed <br>la alegr\u00eda de luchar por lo que amamos.<br>\u201cTu risa me hace libre, me pone alas\u201d.<br>Y un d\u00eda juntas compartimos calabozo.<br>Y nuevamente tu \u201c\u00a1meta vivir nom\u00e1s!\u201c <br>me volvi\u00f3 a arrancar una sonrisa.<br>Y despu\u00e9s compartimos la libertad <br>y la esperanza de tener al fin una patria libre para todos.<br>\u201cVamos juntas compa\u00f1era, <br>compartamos nuestro pan.<br>Vamos juntas compa\u00f1era, <br>que no tardar\u00e1 en llegar<br>nuestro d\u00eda, nuestra hora\u2026\u201d.<br>Y hoy que est\u00e1s peleando, como siempre,<br>soy yo quien te dice<br>vamos Compa\u00f1era \u00a1meta vivir nom\u00e1s!<br>Hasta siempre Estela.<\/p>\n\n\n\n<p><\/p>\n","protected":false},"excerpt":{"rendered":"<p>Llegaba del infierno largas horasde incertidumbre y miedo,dolor, mucha tristeza y bronca.Fueron d\u00edas eternos hasta el decreto,el que se esperaba como una salvaci\u00f3n, cuando en realidad era una condena. Sin motivo.Y all\u00ed est\u00e1bamos todas, aquellas compa\u00f1erasque so\u00f1\u00e1bamos con el hombre nuevo,con un pa\u00eds de todos y para todosel pa\u00eds de la Patria justa y libre.Y [&hellip;]<\/p>\n","protected":false},"author":1,"featured_media":1703,"comment_status":"closed","ping_status":"open","sticky":false,"template":"single-bonaerenses.php","format":"standard","meta":{"_acf_changed":false,"footnotes":""},"categories":[4],"tags":[35],"class_list":["post-316","post","type-post","status-publish","format-standard","has-post-thumbnail","hentry","category-bonaerenses","tag-poema"],"acf":[],"_links":{"self":[{"href":"https:\/\/nosotrasenlibertad.com\/libroweb\/wp-json\/wp\/v2\/posts\/316","targetHints":{"allow":["GET"]}}],"collection":[{"href":"https:\/\/nosotrasenlibertad.com\/libroweb\/wp-json\/wp\/v2\/posts"}],"about":[{"href":"https:\/\/nosotrasenlibertad.com\/libroweb\/wp-json\/wp\/v2\/types\/post"}],"author":[{"embeddable":true,"href":"https:\/\/nosotrasenlibertad.com\/libroweb\/wp-json\/wp\/v2\/users\/1"}],"replies":[{"embeddable":true,"href":"https:\/\/nosotrasenlibertad.com\/libroweb\/wp-json\/wp\/v2\/comments?post=316"}],"version-history":[{"count":15,"href":"https:\/\/nosotrasenlibertad.com\/libroweb\/wp-json\/wp\/v2\/posts\/316\/revisions"}],"predecessor-version":[{"id":12620,"href":"https:\/\/nosotrasenlibertad.com\/libroweb\/wp-json\/wp\/v2\/posts\/316\/revisions\/12620"}],"wp:featuredmedia":[{"embeddable":true,"href":"https:\/\/nosotrasenlibertad.com\/libroweb\/wp-json\/wp\/v2\/media\/1703"}],"wp:attachment":[{"href":"https:\/\/nosotrasenlibertad.com\/libroweb\/wp-json\/wp\/v2\/media?parent=316"}],"wp:term":[{"taxonomy":"category","embeddable":true,"href":"https:\/\/nosotrasenlibertad.com\/libroweb\/wp-json\/wp\/v2\/categories?post=316"},{"taxonomy":"post_tag","embeddable":true,"href":"https:\/\/nosotrasenlibertad.com\/libroweb\/wp-json\/wp\/v2\/tags?post=316"}],"curies":[{"name":"wp","href":"https:\/\/api.w.org\/{rel}","templated":true}]}}