{"id":334,"date":"2021-03-31T23:18:28","date_gmt":"2021-03-31T23:18:28","guid":{"rendered":"https:\/\/nosotrasenlibertad.com\/libroweb\/?p=334"},"modified":"2021-10-09T20:56:04","modified_gmt":"2021-10-09T20:56:04","slug":"deja-vu","status":"publish","type":"post","link":"https:\/\/nosotrasenlibertad.com\/libroweb\/deja-vu\/","title":{"rendered":"D\u00e9j\u00e0 vu"},"content":{"rendered":"\n<p>Es la segunda vez que, por edad, pertenezco a un grupo de riesgo, le digo a mi amiga, distendida. Mi amiga invisible, claro.&nbsp;<\/p>\n\n\n\n<p>\u00bfCu\u00e1l fue la primera?, pregunta mi amiga.<\/p>\n\n\n\n<p>La primera vez fue por los a\u00f1os &#8217;70, todos los que hoy estamos aqu\u00ed en este nuevo <em>grupete<\/em> de riesgo lo pueden recordar. Ten\u00edamos entre diecisiete y treinta y cinco, pon\u00e9le. Algunos m\u00e1s j\u00f3venes, otros m\u00e1s viejos pero esos eran pocos casos. La mayor\u00eda ten\u00edamos una media de veinticinco a\u00f1os.&nbsp;<\/p>\n\n\n\n<p>Ella me mira, \u00bfdiferencias?, pregunta.<\/p>\n\n\n\n<p>Miles. Infinitas. Lo cual quiere decir que unas son peras y otras manzanas. Pero manzanas verdes, de esas que uso para hacer la torta de manzanas. Es decir, a ver si me explico mejor, no podr\u00eda hacer mi torta con peras. Saldr\u00eda mal. Al menos con la misma receta. Aunque quiz\u00e1s con otra s\u00ed. Es imposible comparar peras con manzanas, ni este aislamiento con el otro, que era encierro.<\/p>\n\n\n\n<p>\u00bfSin embargo?, insiste mi amiga.<\/p>\n\n\n\n<p>Sin embargo vuelve a mi memoria. Porque era algo raro, excepcional. Como esto. Porque no ve\u00edas la luz del t\u00fanel, como esto. Porque a veces so\u00f1abas con almuerzos en familia o que te tomabas el tren y te ibas a pasar el fin de semana en, por ejemplo, Pehuaj\u00f3. Cualquier sitio daba igual con tal de ver lejos. Y tener m\u00e1s sol, claro que s\u00ed.<\/p>\n\n\n\n<p>Porque so\u00f1abas con la democracia como hoy so\u00f1\u00e1s con la vacuna.<\/p>\n\n\n\n<p>Porque somos bichos de costumbres y al final termin\u00e1s adapt\u00e1ndote, aunque tengas tus d\u00edas buenos y tus d\u00edas malos. Tus alientos y tus desalientos.<\/p>\n\n\n\n<p>Y porque eso de la esperanza funcionaba bastante. Como hoy tambi\u00e9n funciona.<\/p>\n\n\n\n<p>Tambi\u00e9n pens\u00e9, \u00bfdos veces en una vida? Y me acord\u00e9 de mis abuelos y los tuyos, amiga m\u00eda, dos guerras en una vida.<\/p>\n\n\n\n<p>Y finalmente, y antes de cerrar este asunto del <em>d\u00e9j\u00e0 vu<\/em>, me quedo con esta oraci\u00f3n de Borges, del cuento \u201cEl jard\u00edn de los senderos que se bifurcan\u201d, porque otra vez, otra vez, me pasa a m\u00ed: \u201cDespu\u00e9s reflexion\u00e9 que todas las cosas le suceden a uno precisamente, precisamente ahora. Siglos de siglos y solo en el presente ocurren los hechos; innumerables hombres en el aire, en la tierra y el mar, y todo lo que realmente pasa me pasa a m\u00ed\u201d.<\/p>\n\n\n\n<p>Salud, amiga. Salud, todos.<\/p>\n\n\n\n<p class=\"has-text-align-right\"><\/p>\n","protected":false},"excerpt":{"rendered":"<p>Es la segunda vez que, por edad, pertenezco a un grupo de riesgo, le digo a mi amiga, distendida. Mi amiga invisible, claro.&nbsp; \u00bfCu\u00e1l fue la primera?, pregunta mi amiga. La primera vez fue por los a\u00f1os &#8217;70, todos los que hoy estamos aqu\u00ed en este nuevo grupete de riesgo lo pueden recordar. Ten\u00edamos entre [&hellip;]<\/p>\n","protected":false},"author":1,"featured_media":1697,"comment_status":"closed","ping_status":"open","sticky":false,"template":"single-bonaerenses.php","format":"standard","meta":{"_acf_changed":false,"footnotes":""},"categories":[4],"tags":[36],"class_list":["post-334","post","type-post","status-publish","format-standard","has-post-thumbnail","hentry","category-bonaerenses","tag-salud"],"acf":[],"_links":{"self":[{"href":"https:\/\/nosotrasenlibertad.com\/libroweb\/wp-json\/wp\/v2\/posts\/334","targetHints":{"allow":["GET"]}}],"collection":[{"href":"https:\/\/nosotrasenlibertad.com\/libroweb\/wp-json\/wp\/v2\/posts"}],"about":[{"href":"https:\/\/nosotrasenlibertad.com\/libroweb\/wp-json\/wp\/v2\/types\/post"}],"author":[{"embeddable":true,"href":"https:\/\/nosotrasenlibertad.com\/libroweb\/wp-json\/wp\/v2\/users\/1"}],"replies":[{"embeddable":true,"href":"https:\/\/nosotrasenlibertad.com\/libroweb\/wp-json\/wp\/v2\/comments?post=334"}],"version-history":[{"count":20,"href":"https:\/\/nosotrasenlibertad.com\/libroweb\/wp-json\/wp\/v2\/posts\/334\/revisions"}],"predecessor-version":[{"id":13533,"href":"https:\/\/nosotrasenlibertad.com\/libroweb\/wp-json\/wp\/v2\/posts\/334\/revisions\/13533"}],"wp:featuredmedia":[{"embeddable":true,"href":"https:\/\/nosotrasenlibertad.com\/libroweb\/wp-json\/wp\/v2\/media\/1697"}],"wp:attachment":[{"href":"https:\/\/nosotrasenlibertad.com\/libroweb\/wp-json\/wp\/v2\/media?parent=334"}],"wp:term":[{"taxonomy":"category","embeddable":true,"href":"https:\/\/nosotrasenlibertad.com\/libroweb\/wp-json\/wp\/v2\/categories?post=334"},{"taxonomy":"post_tag","embeddable":true,"href":"https:\/\/nosotrasenlibertad.com\/libroweb\/wp-json\/wp\/v2\/tags?post=334"}],"curies":[{"name":"wp","href":"https:\/\/api.w.org\/{rel}","templated":true}]}}