{"id":391,"date":"2021-04-01T16:51:39","date_gmt":"2021-04-01T16:51:39","guid":{"rendered":"https:\/\/nosotrasenlibertad.com\/libroweb\/?p=391"},"modified":"2021-10-21T19:51:53","modified_gmt":"2021-10-21T19:51:53","slug":"logros","status":"publish","type":"post","link":"https:\/\/nosotrasenlibertad.com\/libroweb\/logros\/","title":{"rendered":"Logros"},"content":{"rendered":"\n<p><\/p>\n\n\n\n<p>Una mujer, si se lo propone, vive aprendiendo.<\/p>\n\n\n\n<p>Durante treinta y un a\u00f1os ejerc\u00ed la docencia universitaria. Descubr\u00ed en los finales de los &#8217;80 que nuestres j\u00f3venes desconoc\u00edan la dictadura c\u00edvico militar, centr\u00e1ndose anecd\u00f3ticamente en los hechos de la Guerra de Las Malvinas, sin comprender el contexto.<\/p>\n\n\n\n<p>Ansiosos de ver y comprender, recorr\u00ed con elles, la importancia de la memoria y los Derechos Humanos (DDHH) en toda formaci\u00f3n profesional.&nbsp;<\/p>\n\n\n\n<p>Avanc\u00e9 hacia la investigaci\u00f3n social comprometida en temas de pobreza y de trabajo. Fui titular por concurso de dos c\u00e1tedras referidas al Trabajo Social, la cuesti\u00f3n social y la configuraci\u00f3n de los problemas sociales.<\/p>\n\n\n\n<p>Tambi\u00e9n me compromet\u00ed en roles de debates y representaci\u00f3n institucional como consejera directiva, consejera superior y de gesti\u00f3n. Fui decana de la Facultad de Trabajo Social de la Universidad Nacional de Entre R\u00edos (UNER) entre 1994 y 1998. El contexto era demoledor: a nivel nacional, la famosa e injusta Ley de Educaci\u00f3n Superior. Los laberintos posibles se constru\u00edan colectivamente.<\/p>\n\n\n\n<p>Abierta a seguir aprendiendo fui aunando la visi\u00f3n \u00e9tico-pol\u00edtica con la vida cotidiana, con la perspectiva de g\u00e9nero. Dentro y fuera del \u00e1mbito acad\u00e9mico, en pleno siglo XXI, se avanz\u00f3 en cuestionar las desigualdades propias del patriarcado, lo cual me encontr\u00f3 generando, siempre colectivamente, en equipos, en grupos, todo tipo de propuestas que amalgamaran mi pensamiento pol\u00edtico con lo \u00e9tico-cultural y socio-econ\u00f3mico.<\/p>\n\n\n\n<p>Asum\u00ed retomar integralmente la escritura desde la literatura. Parafraseando logr\u00e9 \u201ctener dos hijas, plantar \u00e1rboles y escribir tres libros\u201d.<\/p>\n\n\n\n<div class=\"wp-block-columns mf is-layout-flex wp-container-core-columns-is-layout-9d6595d7 wp-block-columns-is-layout-flex\">\n<div class=\"wp-block-column is-layout-flow wp-block-column-is-layout-flow\">\n<figure class=\"wp-block-image size-full\"><img decoding=\"async\" width=\"600\" height=\"800\" data-src=\"https:\/\/nosotrasenlibertad.com\/libroweb\/wp-content\/uploads\/2021\/07\/Alicia-Gonzalez-Alarcon-2.jpg\" alt=\"\" class=\"wp-image-9817 lazyload\" data-srcset=\"https:\/\/nosotrasenlibertad.com\/libroweb\/wp-content\/uploads\/2021\/07\/Alicia-Gonzalez-Alarcon-2.jpg 600w, https:\/\/nosotrasenlibertad.com\/libroweb\/wp-content\/uploads\/2021\/07\/Alicia-Gonzalez-Alarcon-2-225x300.jpg 225w\" data-sizes=\"(max-width: 600px) 100vw, 600px\" src=\"data:image\/svg+xml;base64,PHN2ZyB3aWR0aD0iMSIgaGVpZ2h0PSIxIiB4bWxucz0iaHR0cDovL3d3dy53My5vcmcvMjAwMC9zdmciPjwvc3ZnPg==\" style=\"--smush-placeholder-width: 600px; --smush-placeholder-aspect-ratio: 600\/800;\" \/><\/figure>\n<\/div>\n\n\n\n<div class=\"wp-block-column is-layout-flow wp-block-column-is-layout-flow\">\n<figure class=\"wp-block-image size-full\"><img decoding=\"async\" width=\"600\" height=\"800\" data-src=\"https:\/\/nosotrasenlibertad.com\/libroweb\/wp-content\/uploads\/2021\/07\/Alicia-Gonzalez-Alarcon-1.jpg\" alt=\"\" class=\"wp-image-9818 lazyload\" data-srcset=\"https:\/\/nosotrasenlibertad.com\/libroweb\/wp-content\/uploads\/2021\/07\/Alicia-Gonzalez-Alarcon-1.jpg 600w, https:\/\/nosotrasenlibertad.com\/libroweb\/wp-content\/uploads\/2021\/07\/Alicia-Gonzalez-Alarcon-1-225x300.jpg 225w\" data-sizes=\"(max-width: 600px) 100vw, 600px\" src=\"data:image\/svg+xml;base64,PHN2ZyB3aWR0aD0iMSIgaGVpZ2h0PSIxIiB4bWxucz0iaHR0cDovL3d3dy53My5vcmcvMjAwMC9zdmciPjwvc3ZnPg==\" style=\"--smush-placeholder-width: 600px; --smush-placeholder-aspect-ratio: 600\/800;\" \/><\/figure>\n<\/div>\n<\/div>\n\n\n\n<p>Reconoci\u00e9ndome hermana de tantos compa\u00f1eres desaparecidos, hijes, abuelas y Madres de Plaza de Mayo, otras p\u00e9rdidas nos sacaron a la calle. Desde el <span class=\"tool-tip\">Ni Una Menos<span class=\"tool-tip-text\">Consigna que dio nombre a un movimiento feminista surgido en Argentina en 2015 y que luego se expandi\u00f3 hacia varios pa\u00edses del mundo.<\/span><\/span> en adelante otros reclamos y exigencias del feminismo nos hermanaron.<\/p>\n\n\n\n<p>Quiero compartir con ustedes lo que escrib\u00ed al cumplirse un mes del femicidio de una gran amiga y Trabajadora Social, Daniela Cejas, ocurrido el 18 de enero de 2020:<\/p>\n\n\n\n<p>Ha llegado la lluvia a calmarme la piel, a refrescarme el ansia de gritar que duele. Ha llegado la lluvia a limpiar las heridas invisibles, a cicatrizar lo que falta.<\/p>\n\n\n\n<p>Me acuna este chubasco de febrero. Me trae tu imagen en un vuelo. Apresurado un colibr\u00ed sorbe de la flor. Huyen los malos presagios.&nbsp;<\/p>\n\n\n\n<p>La calma llega de a gotas. Las ausencias est\u00e1n presentes y me acarician.<\/p>\n\n\n\n<p>Empapada de lluvia te recuerdo Dani, te sonr\u00edo porque no hay belleza en tu muerte. Pero hay semillas que crecen.<\/p>\n\n\n\n<p>Elegir la vida es una militancia. Nosotras decidimos c\u00f3mo vivirla.<\/p>\n","protected":false},"excerpt":{"rendered":"<p>Una mujer, si se lo propone, vive aprendiendo. Durante treinta y un a\u00f1os ejerc\u00ed la docencia universitaria. Descubr\u00ed en los finales de los &#8217;80 que nuestres j\u00f3venes desconoc\u00edan la dictadura c\u00edvico militar, centr\u00e1ndose anecd\u00f3ticamente en los hechos de la Guerra de Las Malvinas, sin comprender el contexto. Ansiosos de ver y comprender, recorr\u00ed con elles, [&hellip;]<\/p>\n","protected":false},"author":1,"featured_media":1833,"comment_status":"closed","ping_status":"open","sticky":false,"template":"single-parana.php","format":"standard","meta":{"_acf_changed":false,"footnotes":""},"categories":[7],"tags":[34,27],"class_list":["post-391","post","type-post","status-publish","format-standard","has-post-thumbnail","hentry","category-navegando-el-parana","tag-educacion","tag-genero"],"acf":[],"_links":{"self":[{"href":"https:\/\/nosotrasenlibertad.com\/libroweb\/wp-json\/wp\/v2\/posts\/391","targetHints":{"allow":["GET"]}}],"collection":[{"href":"https:\/\/nosotrasenlibertad.com\/libroweb\/wp-json\/wp\/v2\/posts"}],"about":[{"href":"https:\/\/nosotrasenlibertad.com\/libroweb\/wp-json\/wp\/v2\/types\/post"}],"author":[{"embeddable":true,"href":"https:\/\/nosotrasenlibertad.com\/libroweb\/wp-json\/wp\/v2\/users\/1"}],"replies":[{"embeddable":true,"href":"https:\/\/nosotrasenlibertad.com\/libroweb\/wp-json\/wp\/v2\/comments?post=391"}],"version-history":[{"count":23,"href":"https:\/\/nosotrasenlibertad.com\/libroweb\/wp-json\/wp\/v2\/posts\/391\/revisions"}],"predecessor-version":[{"id":13922,"href":"https:\/\/nosotrasenlibertad.com\/libroweb\/wp-json\/wp\/v2\/posts\/391\/revisions\/13922"}],"wp:featuredmedia":[{"embeddable":true,"href":"https:\/\/nosotrasenlibertad.com\/libroweb\/wp-json\/wp\/v2\/media\/1833"}],"wp:attachment":[{"href":"https:\/\/nosotrasenlibertad.com\/libroweb\/wp-json\/wp\/v2\/media?parent=391"}],"wp:term":[{"taxonomy":"category","embeddable":true,"href":"https:\/\/nosotrasenlibertad.com\/libroweb\/wp-json\/wp\/v2\/categories?post=391"},{"taxonomy":"post_tag","embeddable":true,"href":"https:\/\/nosotrasenlibertad.com\/libroweb\/wp-json\/wp\/v2\/tags?post=391"}],"curies":[{"name":"wp","href":"https:\/\/api.w.org\/{rel}","templated":true}]}}