{"id":451,"date":"2021-04-01T18:41:33","date_gmt":"2021-04-01T18:41:33","guid":{"rendered":"https:\/\/nosotrasenlibertad.com\/libroweb\/?p=451"},"modified":"2021-10-05T21:10:55","modified_gmt":"2021-10-05T21:10:55","slug":"llama-que-nunca-se-apaga","status":"publish","type":"post","link":"https:\/\/nosotrasenlibertad.com\/libroweb\/llama-que-nunca-se-apaga\/","title":{"rendered":"Llama que nunca se apaga"},"content":{"rendered":"\n<p><\/p>\n\n\n\n<p>El 2 de febrero de 1984 cuando se abrieron las puertas de Ezeiza estaba euf\u00f3rica: por fin abrazar\u00eda a mis hijos, de ocho y seis a\u00f1os, a mi familia y amigos.&nbsp;Recuerdo que vino Raque a buscarme ya que no ten\u00eda un peso ni sab\u00eda c\u00f3mo llegar a tomar el <em>cole<\/em> para C\u00f3rdoba. Nos bajamos en Congreso, donde hab\u00eda una manifestaci\u00f3n reclamando por la libertad de los presos pol\u00edticos. Me encontr\u00e9 con la Paragua en un abrazo fundente, entre l\u00e1grimas y risas.<\/p>\n\n\n\n<p>Dos d\u00edas despu\u00e9s me fui a C\u00f3rdoba donde estaban mis ni\u00f1os con su padre, quien se encontraba en un estado lamentable por su enfermedad. Me esperaban con tanto amor. Y la pena por mi compa\u00f1ero. La cabeza me giraba a mil.<\/p>\n\n\n\n<p>Y como dec\u00edamos con las cumpas: \u201cBueno, lo primero es lo primero\u201d. Viajamos a San Vicente para encontrarnos con el resto de mi familia. Mis hermanos nos esperaban en el cruce de un pueblo y mientras nos salud\u00e1bamos se acerc\u00f3 al grupo un se\u00f1or anciano con traje, muy alto, de pelo blanco y me dijo: \u201cSe\u00f1ora, \u00bfme permite?\u201d y me abraz\u00f3 muy fuerte llorando. \u201cUstedes tuvieron a Videla, nosotros a Franco \u00a1bienvenida!\u201d, expres\u00f3. El sentimiento de hermandad y cari\u00f1o que experiment\u00e9 en ese momento me cobij\u00f3 por mucho tiempo. Lo sent\u00ed como un regalo de libertad, de la vida, y pens\u00e9 en todas las compa\u00f1eras, en cu\u00e1nta falta me hac\u00edan.<\/p>\n\n\n\n<p>No quiero entrar en la cantidad de dificultades que fuimos sorteando con los chicos, que me segu\u00edan a todos lados como pollitos que hab\u00edan encontrado por fin a su mam\u00e1. Mudanza casi escapando de la violencia, abrigo en mi casa familiar, divorcio y tenencia, enorme vor\u00e1gine con terror y volver a sentir esa desaz\u00f3n de las horas m\u00e1s cr\u00edticas.<\/p>\n\n\n\n<p>Despu\u00e9s de asentarnos en mi pueblo comenc\u00e9 a trabajar en la Escuela T\u00e9cnica donde enseguida me sent\u00ed muy bien, muchos de mis alumnos eran hijos de mis compa\u00f1eros de escuela lo cual acerc\u00f3 m\u00e1s los v\u00ednculos. Me plante\u00e9 una ense\u00f1anza libre con mucha salida a la comunidad, con trabajos que comprometieran a todos los sectores: la comuna, el comercio y grupos familiares.&nbsp;<\/p>\n\n\n\n<p>Uno de estos trabajos fue con las pilas como desechos qu\u00edmicos que contaminan el agua. Los chicos se apropiaron de esta idea y lo llamaron \u201cenerg\u00eda descartable\u201d. Lograron que las familias pusieran en frascos de vidrio los desechos o que las dejaran en los comercios donde las compraban.&nbsp;Las pilas bot\u00f3n, altamente peligrosas ya que cada una contamina seiscientos mil litros de agua, se dejaban en joyer\u00edas para que el vendedor las devolviera a la empresa que las fabricaba.<\/p>\n\n\n\n<p>Nuestra defensa ambiental ten\u00eda la consigna de no hacernos cargo de la basura y desechos de las grandes f\u00e1bricas que ganaban fortunas, lo cual est\u00e1 bien pero deb\u00edan tener los medios para resolver la cuesti\u00f3n de los desechos.<\/p>\n\n\n\n<p>Volqu\u00e9 toda mi energ\u00eda de militancia en sembrar valores de solidaridad, entusiasmo para resolver&nbsp;problemas y esp\u00edritu cr\u00edtico para que pudieran visualizar la forma&nbsp;en que se degradaban los campos con la patria sojera, que solo llenaban de riquezas a pocos grupos econ\u00f3micos dejando a su paso desiertos y&nbsp;tierras pobres.<\/p>\n\n\n\n<p>Cuando lleg\u00f3 la edad en que mis hijos deb\u00edan ir a la Facultad nos trasladamos a Santa Fe con la gran ayuda de dos compa\u00f1eros hermanos, Ale y Miguel. El encuentro m\u00e1s asiduo con mis compa\u00f1eras me llen\u00f3 de fuerzas, la lucha ahora era m\u00e1s participativa en el gremio: reuniones y marchas por nuestros derechos y en contra de la <span class=\"tool-tip\">Ley Federal de Educaci\u00f3n<span class=\"tool-tip-text\">Ley Federal de Educaci\u00f3n N.\u00ba 24.195. Fue una Ley que regulaba el derecho de ense\u00f1ar y aprender en todo el territorio nacional. La implementaci\u00f3n estuvo antecedida por el Pacto Federal Educativo que signific\u00f3 la transferencia de la educaci\u00f3n primaria y secundaria del Estado nacional a las provincias. Sancionada el 14 de abril de 1993, durante el gobierno de Carlos Sa\u00fal Menem y derogada en 2006 mediante la Ley de Educaci\u00f3n Nacional N\u00b0 26.206. <\/span><\/span>.<\/p>\n\n\n\n<figure class=\"wp-block-image size-full mf\"><img decoding=\"async\" width=\"800\" height=\"530\" data-src=\"https:\/\/nosotrasenlibertad.com\/libroweb\/wp-content\/uploads\/2021\/07\/Graciela-Boffelli.jpg\" alt=\"\" class=\"wp-image-9777 lazyload\" data-srcset=\"https:\/\/nosotrasenlibertad.com\/libroweb\/wp-content\/uploads\/2021\/07\/Graciela-Boffelli.jpg 800w, https:\/\/nosotrasenlibertad.com\/libroweb\/wp-content\/uploads\/2021\/07\/Graciela-Boffelli-300x199.jpg 300w, https:\/\/nosotrasenlibertad.com\/libroweb\/wp-content\/uploads\/2021\/07\/Graciela-Boffelli-768x509.jpg 768w\" data-sizes=\"(max-width: 800px) 100vw, 800px\" src=\"data:image\/svg+xml;base64,PHN2ZyB3aWR0aD0iMSIgaGVpZ2h0PSIxIiB4bWxucz0iaHR0cDovL3d3dy53My5vcmcvMjAwMC9zdmciPjwvc3ZnPg==\" style=\"--smush-placeholder-width: 800px; --smush-placeholder-aspect-ratio: 800\/530;\" \/><\/figure>\n\n\n\n<p>En la plaza llena me encontraba con Anita y la Nigro, adem\u00e1s de otras compa\u00f1eras. Pero las destaco por todo lo vivido antes y por la enorme afinidad que ten\u00edamos. Anita se nos fue, y con ella una compa\u00f1era de lujo, admirada por todos, \u00edntegra y leal. Ella sigue en nuestro pensamiento aferrada y presente.<\/p>\n\n\n\n<p>En la marcha de los 24 de Marzo infaltables, todos unidos, organizando las <span class=\"tool-tip\">baldosas<span class=\"tool-tip-text\">Baldosas que se colocan en distintas veredas en homenaje a detenidos-desaparecidos durante la \u00faltima dictadura c\u00edvico militar.<\/span><\/span> de la plaza y formando comisiones para presentar libros y hacer charlas en colegios.<\/p>\n\n\n\n<p>Comenzaron los juicios. Acompa\u00f1amos con banderas y c\u00e1nticos a cada uno de los compa\u00f1eros y compa\u00f1eras que declaraban. Estaban las Madres de la Plaza, los familiares, y nosotros. Fuimos a Rosario, C\u00f3rdoba, Paran\u00e1 y Tucum\u00e1n. Fui querellante en la mega causa de La Rioja y declar\u00e9 desde Rosario. Presentamos nuestro libro <em>Nosotras, presas pol\u00edticas<\/em> en diferentes lugares y viajamos a Reconquista a las escuelas de la cu\u00f1a boscosa.<\/p>\n\n\n\n<p>&nbsp;Y as\u00ed seguimos hasta que la pandemia y los a\u00f1os nos ralentizaron. Pero en nuestra conciencia sigue prendida la llama, no se apaga.<\/p>\n\n\n\n<p><\/p>\n","protected":false},"excerpt":{"rendered":"<p>El 2 de febrero de 1984 cuando se abrieron las puertas de Ezeiza estaba euf\u00f3rica: por fin abrazar\u00eda a mis hijos, de ocho y seis a\u00f1os, a mi familia y amigos.&nbsp;Recuerdo que vino Raque a buscarme ya que no ten\u00eda un peso ni sab\u00eda c\u00f3mo llegar a tomar el cole para C\u00f3rdoba. Nos bajamos en [&hellip;]<\/p>\n","protected":false},"author":1,"featured_media":1820,"comment_status":"closed","ping_status":"open","sticky":false,"template":"single-parana.php","format":"standard","meta":{"_acf_changed":false,"footnotes":""},"categories":[7],"tags":[40,34],"class_list":["post-451","post","type-post","status-publish","format-standard","has-post-thumbnail","hentry","category-navegando-el-parana","tag-actividad-gremial","tag-educacion"],"acf":[],"_links":{"self":[{"href":"https:\/\/nosotrasenlibertad.com\/libroweb\/wp-json\/wp\/v2\/posts\/451","targetHints":{"allow":["GET"]}}],"collection":[{"href":"https:\/\/nosotrasenlibertad.com\/libroweb\/wp-json\/wp\/v2\/posts"}],"about":[{"href":"https:\/\/nosotrasenlibertad.com\/libroweb\/wp-json\/wp\/v2\/types\/post"}],"author":[{"embeddable":true,"href":"https:\/\/nosotrasenlibertad.com\/libroweb\/wp-json\/wp\/v2\/users\/1"}],"replies":[{"embeddable":true,"href":"https:\/\/nosotrasenlibertad.com\/libroweb\/wp-json\/wp\/v2\/comments?post=451"}],"version-history":[{"count":43,"href":"https:\/\/nosotrasenlibertad.com\/libroweb\/wp-json\/wp\/v2\/posts\/451\/revisions"}],"predecessor-version":[{"id":13134,"href":"https:\/\/nosotrasenlibertad.com\/libroweb\/wp-json\/wp\/v2\/posts\/451\/revisions\/13134"}],"wp:featuredmedia":[{"embeddable":true,"href":"https:\/\/nosotrasenlibertad.com\/libroweb\/wp-json\/wp\/v2\/media\/1820"}],"wp:attachment":[{"href":"https:\/\/nosotrasenlibertad.com\/libroweb\/wp-json\/wp\/v2\/media?parent=451"}],"wp:term":[{"taxonomy":"category","embeddable":true,"href":"https:\/\/nosotrasenlibertad.com\/libroweb\/wp-json\/wp\/v2\/categories?post=451"},{"taxonomy":"post_tag","embeddable":true,"href":"https:\/\/nosotrasenlibertad.com\/libroweb\/wp-json\/wp\/v2\/tags?post=451"}],"curies":[{"name":"wp","href":"https:\/\/api.w.org\/{rel}","templated":true}]}}