{"id":476,"date":"2021-04-01T20:14:04","date_gmt":"2021-04-01T20:14:04","guid":{"rendered":"https:\/\/nosotrasenlibertad.com\/libroweb\/?p=476"},"modified":"2021-10-09T20:40:33","modified_gmt":"2021-10-09T20:40:33","slug":"cuidar-corazones","status":"publish","type":"post","link":"https:\/\/nosotrasenlibertad.com\/libroweb\/cuidar-corazones\/","title":{"rendered":"Cuidar corazones"},"content":{"rendered":"\n<p>Nunca dej\u00e9 de mirar el cielo aunque fuera de a pedacitos. Pero ese 9 de julio era impresionante, estaba tan celeste,  celeste cielo.&nbsp;Lo miraba acostada panza arriba en el patio de Devoto, patio muy gris. Lo \u00fanico de color brillante era el cielo, lo recuerdo muy bien. Adem\u00e1s, ese d\u00eda vi p\u00e1jaros volar. Pens\u00e9 en mi padre -era su cumplea\u00f1os- en mi casa y en mi libertad. \u201c\u00a1Que me lleve un p\u00e1jaro hasta Santa Fe, a festejar tu cumple pap\u00e1!\u201d, pens\u00e9.<\/p>\n\n\n\n<p>A veces los deseos se cumplen, se transforman en realidad, y ese d\u00eda mi nombre estuvo en lista de libertades. Las compa\u00f1eras gritaban, diario en mano, que hab\u00eda una lista de libertades, \u00a1lista de libertades! As\u00ed, varios d\u00edas despu\u00e9s estar\u00eda cruzando por primera vez la plaza de Mayo, con mi <em>mono<\/em>, y buscando una cabina telef\u00f3nica para avisar: \u201cEstoy en libertad\u201d.<\/p>\n\n\n\n<p>Fue el mediod\u00eda de un s\u00e1bado cuando se abri\u00f3 una puerta de Coordinaci\u00f3n Federal, sobre la calle Moreno -en aquellos tiempos, todas las dependencias policiales y militares estaban cercadas dos cuadras a la redonda- y de repente me encontr\u00e9 ah\u00ed parada, sola, en la vereda.&nbsp;<\/p>\n\n\n\n<p>Sent\u00ed voces a la distancia que me dec\u00edan: \u201cPor aqu\u00ed compa\u00f1era, \u00a1por aqu\u00ed!\u201d. Eran de la Comisi\u00f3n de Familiares de Detenidos Desaparecidos. Ellos me guiaron hasta Retiro, me compraron un boleto, un s\u00e1ndwich y un licuado. \u201cDe aqu\u00ed no te muevas hasta que llegue tu cole\u201d, dijeron. No los volv\u00ed a ver.&nbsp;<\/p>\n\n\n\n<p>Ese 9 de julio de 1981 qued\u00e9 sola y extasiada, comiendo lo que no pod\u00eda creer y mirando para todos lados. Nunca hab\u00eda estado en Buenos Aires, salvo presa. Ah\u00ed comprend\u00ed que la moneda tiene dos caras, que la solidaridad estar\u00eda primero en mi lista de valores y que nunca dejar\u00eda de mirar el cielo.<\/p>\n\n\n\n<p>Tiempo despu\u00e9s, y durante treinta y dos a\u00f1os, cuid\u00e9 corazones.&nbsp;<\/p>\n\n\n\n<p>Abrac\u00e9 la enfermer\u00eda, \u201cel arte de cuidar\u201d. Mi trabajo fue siempre inmensamente reparador, lo desarroll\u00e9 en Unidad Coronaria, Hemodinamia y en Cirug\u00eda Cardiovascular. Reparador, s\u00ed. Pude gestionar trabajo compartido no solo con personal de enfermer\u00eda, con mucamas, m\u00e9dicos, t\u00e9cnicos y administrativas sino tambi\u00e9n -y fundamentalmente- con el paciente. Siempre sent\u00ed que \u00e9ste ingresaba a la Unidad y nos ofrec\u00eda ni m\u00e1s ni menos que su coraz\u00f3n: \u201cQui\u00e9n dijo que todo est\u00e1 perdido,&nbsp;yo vengo a ofrecer mi coraz\u00f3n\u201d, dice una canci\u00f3n de Fito P\u00e1ez y as\u00ed es.&nbsp;Comprender esto me llev\u00f3 a especializarme para brindar lo mejor.<\/p>\n\n\n\n<figure class=\"wp-block-image size-large margenFotos\"><img decoding=\"async\" width=\"800\" height=\"530\" data-src=\"https:\/\/nosotrasenlibertad.com\/libroweb\/wp-content\/uploads\/2021\/07\/Silvia-Abdolatif.jpg\" alt=\"\" class=\"wp-image-8425 lazyload\" data-srcset=\"https:\/\/nosotrasenlibertad.com\/libroweb\/wp-content\/uploads\/2021\/07\/Silvia-Abdolatif.jpg 800w, https:\/\/nosotrasenlibertad.com\/libroweb\/wp-content\/uploads\/2021\/07\/Silvia-Abdolatif-300x199.jpg 300w, https:\/\/nosotrasenlibertad.com\/libroweb\/wp-content\/uploads\/2021\/07\/Silvia-Abdolatif-768x509.jpg 768w\" data-sizes=\"(max-width: 800px) 100vw, 800px\" src=\"data:image\/svg+xml;base64,PHN2ZyB3aWR0aD0iMSIgaGVpZ2h0PSIxIiB4bWxucz0iaHR0cDovL3d3dy53My5vcmcvMjAwMC9zdmciPjwvc3ZnPg==\" style=\"--smush-placeholder-width: 800px; --smush-placeholder-aspect-ratio: 800\/530;\" \/><\/figure>\n\n\n\n<p>De nuevo, vida-muerte. De nuevo, la solidaridad, el dar todo.&nbsp;<\/p>\n\n\n\n<p>Form\u00e9 y coordin\u00e9 equipos de salud para cuidar y salvar vidas, viv\u00ed la posibilidad de estudiar nuestra anatom\u00eda, nuestra f\u00edsica y qu\u00edmica, de saber que cuidarnos es tan importante como vivir. En ese camino de estudio y trabajo aprend\u00ed y ense\u00f1\u00e9.<\/p>\n\n\n\n<p>Mujeres y hombres, doce, diecis\u00e9is horas de trabajo y el sueldo que nunca alcanzaba, siempre por debajo de lo trabajado. Hubo un concepto que escuch\u00e9 en una asamblea y que nunca olvid\u00e9: \u201cPobre del trabajador que reniega de su condici\u00f3n y no defiende sus derechos\u201d. Comprend\u00ed y articul\u00e9, sin propon\u00e9rmelo, aquello que en la teor\u00eda y siendo muy joven so\u00f1aba: estudiar, trabajar y defender el derecho a un trabajo digno.<\/p>\n\n\n\n<figure class=\"wp-block-image size-large imgFloat\"><img decoding=\"async\" width=\"400\" height=\"469\" data-src=\"https:\/\/nosotrasenlibertad.com\/libroweb\/wp-content\/uploads\/2021\/07\/Silvia-Abdolatif-2.jpg\" alt=\"\" class=\"wp-image-8464 lazyload\" data-srcset=\"https:\/\/nosotrasenlibertad.com\/libroweb\/wp-content\/uploads\/2021\/07\/Silvia-Abdolatif-2.jpg 400w, https:\/\/nosotrasenlibertad.com\/libroweb\/wp-content\/uploads\/2021\/07\/Silvia-Abdolatif-2-256x300.jpg 256w\" data-sizes=\"(max-width: 400px) 100vw, 400px\" src=\"data:image\/svg+xml;base64,PHN2ZyB3aWR0aD0iMSIgaGVpZ2h0PSIxIiB4bWxucz0iaHR0cDovL3d3dy53My5vcmcvMjAwMC9zdmciPjwvc3ZnPg==\" style=\"--smush-placeholder-width: 400px; --smush-placeholder-aspect-ratio: 400\/469;\" \/><\/figure>\n\n\n\n<p>La posibilidad cierta de cuidar a compa\u00f1eras y compa\u00f1eros y tambi\u00e9n de sus hijos cuando enfermaban no fue casualidad. Fue para m\u00ed un deber y trat\u00e9 de hacerlo de la mejor manera compensando tanto amor y rescatando la solidaridad una vez m\u00e1s. Valga un recuerdo muy especial para Marta Rodr\u00edguez -la Corcho, que padeci\u00f3 una enfermedad terminal de muy corto tiempo- y para Ana Mar\u00eda C\u00e1mara -Anita, con una enfermedad autoinmune cr\u00f3nica durante casi veinte a\u00f1os-, por su entereza, por su valent\u00eda.<\/p>\n\n\n\n<p>Por eso, cada vez, al salir del trabajo despu\u00e9s de much\u00edsimas horas, nunca dej\u00e9 de mirar al cielo, siempre infinito y maravilloso. Ese d\u00eda quiz\u00e1s hab\u00eda curado, cuidado y salvado, vida o muerte.&nbsp; Miraba ese cielito dici\u00e9ndole: \u201cAqu\u00ed estoy, viva y en libertad\u201d.&nbsp;Sea donde fuere que nos encuentre la vida, ese cielo puede hacerse a\u00fan m\u00e1s inmenso.&nbsp;<\/p>\n\n\n\n<p>Y as\u00ed fue que un 10 de diciembre de 2009, cuando finaliz\u00f3 el primer juicio de Lesa Humanidad en la ciudad de Santa Fe, al salir del Tribunal Oral Federal N\u00b0 1 pude comprobar y sentir que el cielo m\u00e1s claro es el de la Verdad.<\/p>\n","protected":false},"excerpt":{"rendered":"<p>Nunca dej\u00e9 de mirar el cielo aunque fuera de a pedacitos. Pero ese 9 de julio era impresionante, estaba tan celeste, celeste cielo.&nbsp;Lo miraba acostada panza arriba en el patio de Devoto, patio muy gris. Lo \u00fanico de color brillante era el cielo, lo recuerdo muy bien. Adem\u00e1s, ese d\u00eda vi p\u00e1jaros volar. Pens\u00e9 en [&hellip;]<\/p>\n","protected":false},"author":1,"featured_media":1830,"comment_status":"closed","ping_status":"open","sticky":false,"template":"single-parana.php","format":"standard","meta":{"_acf_changed":false,"footnotes":""},"categories":[7],"tags":[30,36],"class_list":["post-476","post","type-post","status-publish","format-standard","has-post-thumbnail","hentry","category-navegando-el-parana","tag-derechos-humanos","tag-salud"],"acf":[],"_links":{"self":[{"href":"https:\/\/nosotrasenlibertad.com\/libroweb\/wp-json\/wp\/v2\/posts\/476","targetHints":{"allow":["GET"]}}],"collection":[{"href":"https:\/\/nosotrasenlibertad.com\/libroweb\/wp-json\/wp\/v2\/posts"}],"about":[{"href":"https:\/\/nosotrasenlibertad.com\/libroweb\/wp-json\/wp\/v2\/types\/post"}],"author":[{"embeddable":true,"href":"https:\/\/nosotrasenlibertad.com\/libroweb\/wp-json\/wp\/v2\/users\/1"}],"replies":[{"embeddable":true,"href":"https:\/\/nosotrasenlibertad.com\/libroweb\/wp-json\/wp\/v2\/comments?post=476"}],"version-history":[{"count":42,"href":"https:\/\/nosotrasenlibertad.com\/libroweb\/wp-json\/wp\/v2\/posts\/476\/revisions"}],"predecessor-version":[{"id":13522,"href":"https:\/\/nosotrasenlibertad.com\/libroweb\/wp-json\/wp\/v2\/posts\/476\/revisions\/13522"}],"wp:featuredmedia":[{"embeddable":true,"href":"https:\/\/nosotrasenlibertad.com\/libroweb\/wp-json\/wp\/v2\/media\/1830"}],"wp:attachment":[{"href":"https:\/\/nosotrasenlibertad.com\/libroweb\/wp-json\/wp\/v2\/media?parent=476"}],"wp:term":[{"taxonomy":"category","embeddable":true,"href":"https:\/\/nosotrasenlibertad.com\/libroweb\/wp-json\/wp\/v2\/categories?post=476"},{"taxonomy":"post_tag","embeddable":true,"href":"https:\/\/nosotrasenlibertad.com\/libroweb\/wp-json\/wp\/v2\/tags?post=476"}],"curies":[{"name":"wp","href":"https:\/\/api.w.org\/{rel}","templated":true}]}}