{"id":495,"date":"2021-04-09T15:51:44","date_gmt":"2021-04-09T15:51:44","guid":{"rendered":"https:\/\/nosotrasenlibertad.com\/libroweb\/?p=495"},"modified":"2021-10-12T23:09:03","modified_gmt":"2021-10-12T23:09:03","slug":"animarse","status":"publish","type":"post","link":"https:\/\/nosotrasenlibertad.com\/libroweb\/animarse\/","title":{"rendered":"Animarse"},"content":{"rendered":"\n<p>Corr\u00eda el a\u00f1o 1979.&nbsp;Le hab\u00edamos pedido a los amigos de la comunidad parroquial que cantaran una canci\u00f3n al finalizar la ceremonia de nuestro casamiento. No se hab\u00edan animado a decirnos que no, aunque tampoco nos hab\u00edan dicho que s\u00ed.&nbsp;A pesar de todo \u00a1se animaron!&nbsp;Y con esta canci\u00f3n terminamos la ceremonia de nuestro casamiento. Representa la esencia de nuestra familia.&nbsp;<\/p>\n\n\n\n<div style=\"height:50px\" aria-hidden=\"true\" class=\"wp-block-spacer\"><\/div>\n\n\n\n<div class=\"wp-block-columns is-layout-flex wp-container-core-columns-is-layout-9d6595d7 wp-block-columns-is-layout-flex\">\n<div class=\"wp-block-column is-layout-flow wp-block-column-is-layout-flow\">\n<pre class=\"wp-block-verse\"><strong>Qu\u00e9 triste y qu\u00e9 lindo\u00a0<\/strong><\/pre>\n\n\n\n<pre class=\"wp-block-verse\">Qu\u00e9 triste&nbsp; debe ser llegar a viejo<br>con el alma y las manos sin gastar<br>qu\u00e9 triste integridad la del pellejo<br>\u00a1que nunca se jug\u00f3 por los dem\u00e1s!<br>Qu\u00e9 triste debe ser tener de todo<br>si hay tantos que se venden por un pan<br>qu\u00e9 triste soledad de cualquier modo<br>\u00a1la que nace de la desigualdad!<\/pre>\n\n\n\n<pre class=\"wp-block-verse\">Por eso estoy aqu\u00ed cantando,<br>por eso estoy aqu\u00ed so\u00f1ando<br>con el hombre feliz, el hombre nuevo,<br>el hombre que te debo, mi pa\u00eds. <\/pre>\n\n\n\n<pre class=\"wp-block-verse\">Qu\u00e9 lindo que es tender siempre la mano<br>y saber que es posible la amistad<br>Qu\u00e9&nbsp; lindo procurar para mi hermano<br>lo mismo que procuro yo alcanzar<br>Qu\u00e9 lindo que es morirse con los otros<br>detr\u00e1s de lo inhumano de un jornal<br>Qu\u00e9 lindo que es perderse en el \"nosotros\"<br>y juntos desde el pueblo trabajar.<\/pre>\n<\/div>\n\n\n\n<div class=\"wp-block-column is-layout-flow wp-block-column-is-layout-flow\">\n<figure class=\"wp-block-image size-full\"><img decoding=\"async\" width=\"400\" height=\"257\" data-src=\"https:\/\/nosotrasenlibertad.com\/libroweb\/wp-content\/uploads\/2021\/07\/auriculares-2.jpg\" alt=\"\" class=\"wp-image-8454 lazyload\" data-srcset=\"https:\/\/nosotrasenlibertad.com\/libroweb\/wp-content\/uploads\/2021\/07\/auriculares-2.jpg 400w, https:\/\/nosotrasenlibertad.com\/libroweb\/wp-content\/uploads\/2021\/07\/auriculares-2-300x193.jpg 300w\" data-sizes=\"(max-width: 400px) 100vw, 400px\" src=\"data:image\/svg+xml;base64,PHN2ZyB3aWR0aD0iMSIgaGVpZ2h0PSIxIiB4bWxucz0iaHR0cDovL3d3dy53My5vcmcvMjAwMC9zdmciPjwvc3ZnPg==\" style=\"--smush-placeholder-width: 400px; --smush-placeholder-aspect-ratio: 400\/257;\" \/><\/figure>\n\n\n\n<figure class=\"wp-block-audio\"><audio controls src=\"https:\/\/nosotrasenlibertad.com\/libroweb\/wp-content\/uploads\/2021\/10\/audio-adela-barraza.mp3\"><\/audio><figcaption> <strong>Qu\u00e9 triste y qu\u00e9 lindo<\/strong> <\/figcaption><\/figure>\n<\/div>\n<\/div>\n\n\n\n<div style=\"height:50px\" aria-hidden=\"true\" class=\"wp-block-spacer\"><\/div>\n\n\n\n<figure class=\"wp-block-image size-full\"><img decoding=\"async\" width=\"800\" height=\"530\" data-src=\"https:\/\/nosotrasenlibertad.com\/libroweb\/wp-content\/uploads\/2021\/07\/Maria-Adela-Barraza.jpg\" alt=\"\" class=\"wp-image-10171 lazyload\" data-srcset=\"https:\/\/nosotrasenlibertad.com\/libroweb\/wp-content\/uploads\/2021\/07\/Maria-Adela-Barraza.jpg 800w, https:\/\/nosotrasenlibertad.com\/libroweb\/wp-content\/uploads\/2021\/07\/Maria-Adela-Barraza-768x509.jpg 768w\" data-sizes=\"(max-width: 800px) 100vw, 800px\" src=\"data:image\/svg+xml;base64,PHN2ZyB3aWR0aD0iMSIgaGVpZ2h0PSIxIiB4bWxucz0iaHR0cDovL3d3dy53My5vcmcvMjAwMC9zdmciPjwvc3ZnPg==\" style=\"--smush-placeholder-width: 800px; --smush-placeholder-aspect-ratio: 800\/530;\" \/><\/figure>\n","protected":false},"excerpt":{"rendered":"<p>Corr\u00eda el a\u00f1o 1979.&nbsp;Le hab\u00edamos pedido a los amigos de la comunidad parroquial que cantaran una canci\u00f3n al finalizar la ceremonia de nuestro casamiento. No se hab\u00edan animado a decirnos que no, aunque tampoco nos hab\u00edan dicho que s\u00ed.&nbsp;A pesar de todo \u00a1se animaron!&nbsp;Y con esta canci\u00f3n terminamos la ceremonia de nuestro casamiento. Representa la [&hellip;]<\/p>\n","protected":false},"author":1,"featured_media":1827,"comment_status":"closed","ping_status":"open","sticky":false,"template":"single-sierras.php","format":"standard","meta":{"_acf_changed":false,"footnotes":""},"categories":[8],"tags":[29,30],"class_list":["post-495","post","type-post","status-publish","format-standard","has-post-thumbnail","hentry","category-en-las-sierras","tag-actividad-comunitaria","tag-derechos-humanos"],"acf":[],"_links":{"self":[{"href":"https:\/\/nosotrasenlibertad.com\/libroweb\/wp-json\/wp\/v2\/posts\/495","targetHints":{"allow":["GET"]}}],"collection":[{"href":"https:\/\/nosotrasenlibertad.com\/libroweb\/wp-json\/wp\/v2\/posts"}],"about":[{"href":"https:\/\/nosotrasenlibertad.com\/libroweb\/wp-json\/wp\/v2\/types\/post"}],"author":[{"embeddable":true,"href":"https:\/\/nosotrasenlibertad.com\/libroweb\/wp-json\/wp\/v2\/users\/1"}],"replies":[{"embeddable":true,"href":"https:\/\/nosotrasenlibertad.com\/libroweb\/wp-json\/wp\/v2\/comments?post=495"}],"version-history":[{"count":18,"href":"https:\/\/nosotrasenlibertad.com\/libroweb\/wp-json\/wp\/v2\/posts\/495\/revisions"}],"predecessor-version":[{"id":13759,"href":"https:\/\/nosotrasenlibertad.com\/libroweb\/wp-json\/wp\/v2\/posts\/495\/revisions\/13759"}],"wp:featuredmedia":[{"embeddable":true,"href":"https:\/\/nosotrasenlibertad.com\/libroweb\/wp-json\/wp\/v2\/media\/1827"}],"wp:attachment":[{"href":"https:\/\/nosotrasenlibertad.com\/libroweb\/wp-json\/wp\/v2\/media?parent=495"}],"wp:term":[{"taxonomy":"category","embeddable":true,"href":"https:\/\/nosotrasenlibertad.com\/libroweb\/wp-json\/wp\/v2\/categories?post=495"},{"taxonomy":"post_tag","embeddable":true,"href":"https:\/\/nosotrasenlibertad.com\/libroweb\/wp-json\/wp\/v2\/tags?post=495"}],"curies":[{"name":"wp","href":"https:\/\/api.w.org\/{rel}","templated":true}]}}