{"id":498,"date":"2021-04-09T15:57:10","date_gmt":"2021-04-09T15:57:10","guid":{"rendered":"https:\/\/nosotrasenlibertad.com\/libroweb\/?p=498"},"modified":"2021-10-23T00:59:08","modified_gmt":"2021-10-23T00:59:08","slug":"soy-mujer","status":"publish","type":"post","link":"https:\/\/nosotrasenlibertad.com\/libroweb\/soy-mujer\/","title":{"rendered":"Soy mujer"},"content":{"rendered":"\n<p class=\"has-text-align-right\">\u00abSoy Mujer. Y un entra\u00f1able calor me abriga cuando el mundo me golpea. Es el calor de las otras mujeres, <br>de aquellas que hicieron de la vida este rinc\u00f3n sensible, luchador, de piel suave y tierno coraz\u00f3n guerrero\u00bb.&nbsp;<br>Alejandra Pizarnik&nbsp;&nbsp;<\/p>\n\n\n\n<p class=\"has-text-align-right\"><\/p>\n\n\n\n<div style=\"height:50px\" aria-hidden=\"true\" class=\"wp-block-spacer\"><\/div>\n\n\n\n<p>Narrar la historia de mi vida es algo complejo. Desde mi salida en libertad, all\u00e1 en 1977, hasta hoy deb\u00ed atravesar momentos diversos: dolorosos algunos y de felicidad otros, como lo relat\u00e9 en otro texto que comparto en este libro.&nbsp; A ra\u00edz de varias situaciones vividas con mi pareja, principalmente algunas que hoy reconozco como de violencia, decid\u00ed vivir sola y me separ\u00e9. Con mi hijita Luz Mar\u00eda nos vinimos a vivir a C\u00f3rdoba, para estudiar la carrera de Trabajo Social. Estudiaba con avidez, mi mam\u00e1 y mi pap\u00e1 me ayudaron much\u00edsimo.<\/p>\n\n\n\n<p>Estando en La Paz, Bolivia, cuando qued\u00e9 embarazada,&nbsp;dos chicas alemanas me regalaron el libro: <em>Nuestros cuerpos, nuestras vidas<\/em>, escrito por el colectivo de mujeres de Boston. Este libro narra la experiencia de trabajo con mujeres de la comunidad latina de Estados Unidos, habla de salud integral de las mujeres y se encuentra&nbsp; traducido a varios idiomas \u00a1excelente material!<\/p>\n\n\n\n<p>Esa lectura me abri\u00f3 todo un panorama respecto de nosotras -las mujeres-, nuestros cuerpos, nuestros derechos.&nbsp; Me acuerdo de leer el libro en un viaje en tren de La Paz a Sucre. \u00a1Qu\u00e9 descubrimiento!<\/p>\n\n\n\n<p>En el &#8217;91, pleno \u00abmenemato\u00bb, me recib\u00ed y empec\u00e9 a participar por el reconocimiento de los derechos de las mujeres. Conoc\u00ed la asociaci\u00f3n Juana Manso, valiosas mujeres. Recuerdo un afiche que hab\u00eda en el local con la figura de una nena y el siguiente texto: \u201cNo limitemos su educaci\u00f3n, es una mujer del siglo XXI\u201c.<\/p>\n\n\n\n<p>Hacia all\u00ed fueron mis inquietudes. La perspectiva de g\u00e9nero estaba presente en mis b\u00fasquedas. Particip\u00e9 activamente del Movimiento de Mujeres de C\u00f3rdoba, en la comisi\u00f3n Interhospitalaria por la Salud Sexual, junto a compa\u00f1eras profesionales de la salud p\u00fablica, entre ellas Mar\u00eda In\u00e9s Mazziotti, pionera en el impulso de la salud sexual y del derecho de las mujeres a decidir.&nbsp;<\/p>\n\n\n\n<p>En el a\u00f1o 1997 volv\u00ed a ser mam\u00e1 de una nena llamada Lihue, hoy jovencita de 23 a\u00f1os. En 2003 Luz Mar\u00eda, mi hija mayor, fue mam\u00e1 de una hermosa nena, Aluhe, hoy de 17 a\u00f1os. Somos una familia de cuatro chicas hermosas.<\/p>\n\n\n\n<p>En 2006, desde el Movimiento de Mujeres C\u00f3rdoba, editamos: <em><strong>Mujeres desde el Cordobazo a nuestros d\u00edas<\/strong><\/em>, all\u00ed relatamos nuestra participaci\u00f3n en esa gesta que nos marc\u00f3 profundamente como generaci\u00f3n.<\/p>\n\n\n\n<figure class=\"wp-block-image size-full imgFloat\"><img decoding=\"async\" width=\"400\" height=\"533\" data-src=\"https:\/\/nosotrasenlibertad.com\/libroweb\/wp-content\/uploads\/2021\/07\/Ines-Del-Carmen-Bruno-Flores-2.jpg\" alt=\"\" class=\"wp-image-10294 lazyload\" src=\"data:image\/svg+xml;base64,PHN2ZyB3aWR0aD0iMSIgaGVpZ2h0PSIxIiB4bWxucz0iaHR0cDovL3d3dy53My5vcmcvMjAwMC9zdmciPjwvc3ZnPg==\" style=\"--smush-placeholder-width: 400px; --smush-placeholder-aspect-ratio: 400\/533;\" \/><\/figure>\n\n\n\n<p>Durante 2006 desde el Movimiento de Mujeres conseguimos la sanci\u00f3n de la ley de Violencia Familiar. Fue mediante&nbsp; plenarias y asambleas con participaci\u00f3n de todas: mujeres CIS, mujeres lesbianas, mujeres de diversas orientaciones sexuales, pertenecientes a&nbsp;las organizaciones de base y los barrios. Elaboramos&nbsp; el anteproyecto de ley \u00abpara prevenir, sancionar y erradicar la violencia&nbsp; hacia las mujeres en los \u00e1mbitos donde desarrollen sus relaciones interpersonales\u00bb (mismo t\u00edtulo&nbsp; de la Convenci\u00f3n Interamericana para Prevenir, Sancionar y Erradicar la Violencia contra la Mujer, conocida como Convenci\u00f3n de Bel\u00e9m do Par\u00e1). Organizamos y protagonizamos diversas actividades: radios abiertas, petitorios y conversatorios con destacadas figuras de C\u00f3rdoba y nacionales en el \u00e1mbito de los derechos humanos de las mujeres.<\/p>\n\n\n\n<p>Despu\u00e9s de mucho activar y militar nuestro anteproyecto y de ser ninguneadas en la unicameral -especialmente por Alejandra Vigo (hoy senadora nacional)-, los primeros d\u00edas de marzo, luego de varios femicidios durante una semana y con fuerte&nbsp; presi\u00f3n social, la legislatura de C\u00f3rdoba, que es unicameral,&nbsp;no tuvo m\u00e1s remedio que sancionar la ley. Esa ma\u00f1ana \u00e9ramos alrededor de cuarenta compa\u00f1eras que nos metimos en las sesiones y presionamos para que nuestro proyecto fuera ley. Con las comisiones de legislaci\u00f3n general conseguimos la ley provincial 9283\/2006 de violencia familiar y aceptaron incluir todos los tipos y modalidades de violencia que desde el Movimiento de Mujeres propon\u00edamos. En un folleto editado por nuestro movimiento expresamos: \u201cCon las limitaciones de todo instrumento legal, con un t\u00edtulo que invisibiliza la violencia hacia las mujeres, con las mezquindades en materia de pol\u00edtica p\u00fablica y otros d\u00e9ficits que seguro encontraremos, hoy las mujeres cordobesas podemos decir que tenemos una ley contra la violencia y que la conquistamos con nuestra lucha\u201d.<\/p>\n\n\n\n<p>Esa semana y las posteriores, cientos de mujeres se presentaron a denunciar. Tambi\u00e9n conseguimos que se abrieran dos tribunales de Familia espec\u00edficos para denuncias de violencia hacia las mujeres.<\/p>\n\n\n\n<p>En 2007 se realiz\u00f3 el Encuentro Nacional de Mujeres y muchas de nosotras participamos en la Comisi\u00f3n Organizadora.<\/p>\n\n\n\n<p>Hoy sigo \u00abactivando\u00bb en diferentes espacios por nuestros derechos y los de la comunidad travesti, transexual, transg\u00e9nero, lesbianas, gays y no binaries.&nbsp; Tambi\u00e9n por las mujeres originarias, basta de <span class=\"tool-tip\"><em>chineo<\/em><span class=\"tool-tip-text\">El chineo es la violaci\u00f3n de las ni\u00f1as ind\u00edgenas a modo de marcar propiedad sobre sus cuerpos. <\/span><\/span> y ni\u00f1as, no madres.<\/p>\n\n\n\n<p>Decid\u00ed interrumpir embarazos, dos en el exilio, fue muy duro, y otra interrupci\u00f3n ac\u00e1 en nuestro pa\u00eds. Siempre abortos clandestinos.&nbsp; Estamos a d\u00edas de que el proyecto de la Campa\u00f1a por el Aborto Legal sea ley. Exigimos que paren de matarnos.&nbsp;(Luego de la escritura de este texto se aprob\u00f3 en Argentina la Ley N\u00ba26.610\/21 de Acceso a la interrupcci\u00f3n voluntaria del embarazo )<\/p>\n\n\n\n<p>\u00a1EDUCACION SEXUAL PARA DECIDIR, ANTICONCEPTIVOS PARA NO ABORTAR, ABORTO LEGAL PARA NO MORIR!<\/p>\n\n\n\n<p><\/p>\n","protected":false},"excerpt":{"rendered":"<p>\u00abSoy Mujer. Y un entra\u00f1able calor me abriga cuando el mundo me golpea. Es el calor de las otras mujeres, de aquellas que hicieron de la vida este rinc\u00f3n sensible, luchador, de piel suave y tierno coraz\u00f3n guerrero\u00bb.&nbsp;Alejandra Pizarnik&nbsp;&nbsp; Narrar la historia de mi vida es algo complejo. Desde mi salida en libertad, all\u00e1 en [&hellip;]<\/p>\n","protected":false},"author":1,"featured_media":1696,"comment_status":"closed","ping_status":"open","sticky":false,"template":"single-sierras.php","format":"standard","meta":{"_acf_changed":false,"footnotes":""},"categories":[8],"tags":[29,27],"class_list":["post-498","post","type-post","status-publish","format-standard","has-post-thumbnail","hentry","category-en-las-sierras","tag-actividad-comunitaria","tag-genero"],"acf":[],"_links":{"self":[{"href":"https:\/\/nosotrasenlibertad.com\/libroweb\/wp-json\/wp\/v2\/posts\/498","targetHints":{"allow":["GET"]}}],"collection":[{"href":"https:\/\/nosotrasenlibertad.com\/libroweb\/wp-json\/wp\/v2\/posts"}],"about":[{"href":"https:\/\/nosotrasenlibertad.com\/libroweb\/wp-json\/wp\/v2\/types\/post"}],"author":[{"embeddable":true,"href":"https:\/\/nosotrasenlibertad.com\/libroweb\/wp-json\/wp\/v2\/users\/1"}],"replies":[{"embeddable":true,"href":"https:\/\/nosotrasenlibertad.com\/libroweb\/wp-json\/wp\/v2\/comments?post=498"}],"version-history":[{"count":45,"href":"https:\/\/nosotrasenlibertad.com\/libroweb\/wp-json\/wp\/v2\/posts\/498\/revisions"}],"predecessor-version":[{"id":14114,"href":"https:\/\/nosotrasenlibertad.com\/libroweb\/wp-json\/wp\/v2\/posts\/498\/revisions\/14114"}],"wp:featuredmedia":[{"embeddable":true,"href":"https:\/\/nosotrasenlibertad.com\/libroweb\/wp-json\/wp\/v2\/media\/1696"}],"wp:attachment":[{"href":"https:\/\/nosotrasenlibertad.com\/libroweb\/wp-json\/wp\/v2\/media?parent=498"}],"wp:term":[{"taxonomy":"category","embeddable":true,"href":"https:\/\/nosotrasenlibertad.com\/libroweb\/wp-json\/wp\/v2\/categories?post=498"},{"taxonomy":"post_tag","embeddable":true,"href":"https:\/\/nosotrasenlibertad.com\/libroweb\/wp-json\/wp\/v2\/tags?post=498"}],"curies":[{"name":"wp","href":"https:\/\/api.w.org\/{rel}","templated":true}]}}