{"id":534,"date":"2021-04-09T17:19:46","date_gmt":"2021-04-09T17:19:46","guid":{"rendered":"https:\/\/nosotrasenlibertad.com\/libroweb\/?p=534"},"modified":"2021-09-26T19:22:50","modified_gmt":"2021-09-26T19:22:50","slug":"ilusiones-y-desilusiones","status":"publish","type":"post","link":"https:\/\/nosotrasenlibertad.com\/libroweb\/ilusiones-y-desilusiones\/","title":{"rendered":"Ilusiones y desilusiones"},"content":{"rendered":"\n<p><\/p>\n\n\n\n<p>Fui presa pol\u00edtica entre abril de 1977 y el 3 de diciembre de 1983. Ten\u00eda 19 a\u00f1os, hac\u00eda dos meses que me hab\u00eda casado&nbsp;y no sab\u00eda que estaba embarazada. Me detuvieron junto con mi marido y nos llevaron al centro clandestino La Perla. Luego nos trasladaron al campo de La Ribera y a la c\u00e1rcel de San Martin, en C\u00f3rdoba. Despu\u00e9s me llevaron a Villa Devoto y, finalmente, a Ezeiza. Algo ya se escribi\u00f3 sobre esos a\u00f1os. Agradec\u00eda estar viva mientras estaba en la c\u00e1rcel, el deseo de todas era estar en libertad y saludables. Anhelaba estar con mi compa\u00f1ero y mi hijo, que naci\u00f3 en enero de 1978 y que, amorosamente, criaron mis padres. Los a\u00f1os siguientes, luego de recuperar la libertad, fueron extremadamente duros: los conflictos estaban en el d\u00eda a d\u00eda, la pelea entre mi pareja y mis padres y la b\u00fasqueda de trabajo en una sociedad donde me sent\u00eda extra\u00f1a.&nbsp;<\/p>\n\n\n\n<p>Y con un hijo amado pero para el cual \u00e9ramos dos extra\u00f1os. Me llev\u00f3 mucho tiempo darme cuenta y poder hablar de eso. Pasaron cerca de treinta a\u00f1os para que pudiera empezar a sanar tanto dolor. A los dos meses de salir qued\u00e9 embarazada. Y cinco a\u00f1os despu\u00e9s me separ\u00e9. Nadie pudo darse cuenta de la enfermedad mental de mi marido, lo ve\u00edamos como una depresi\u00f3n que nos sumerg\u00eda en&nbsp;un pozo profundo. Un d\u00eda sent\u00ed que nos \u00edbamos a morir si continu\u00e1bamos juntos. Cri\u00e9 a mis hijos sola desde todo punto de vista: econ\u00f3mico y afectivo. <\/p>\n\n\n\n<p>La vida me fue poniendo personas que en cada etapa me ayudaron much\u00edsimo. Recuerdo un encuentro que se hizo en Buenos Aires, por la presentaci\u00f3n del libro <em>Nosotras presas pol\u00edticas<\/em>, al otro d\u00eda fui a comer con varias compa\u00f1eras y compartimos c\u00f3mo hab\u00eda sido el reencuentro con la familia, los hijos y las parejas. Llegamos a la conclusi\u00f3n que la c\u00e1rcel fue dur\u00edsima, si. Pero los a\u00f1os que siguieron tambi\u00e9n. No est\u00e1bamos preparadas para el despu\u00e9s, ni la familia, ni la sociedad y nosotras menos.<\/p>\n\n\n\n<p>Por una de mis hermanas me acerqu\u00e9 al yoga, por un amigo a la ecolog\u00eda y fui descubriendo nuevos mundos. Me di cuenta que no bastaba con un cambio pol\u00edtico, fue com\u00fan ver como conocidos que hab\u00edan estado presos y pasado por mucho dolor al asumir un puesto de poder se transformaban. Y s\u00ed, todos tenemos nuestra cuota de poder: con los hijos, en el trabajo, en cada situaci\u00f3n de nuestra vida. \u00bfC\u00f3mo manejar ese poder?<\/p>\n\n\n\n<p>Trabaj\u00e9 mucho, much\u00edsimo hasta tener mi propio emprendimiento: un restaurante vegetariano que sostuve durante veintitr\u00e9s a\u00f1os. Fue un espacio que me proporcion\u00f3 mucha formaci\u00f3n, me permiti\u00f3 costear los estudios universitarios de mi hija y, fundamentalmente, superar muchos miedos. Por ah\u00ed pas\u00f3 gente maravillosa, varios artistas, y ciment\u00e9 amistades para el resto de la vida.<\/p>\n\n\n\n<p>Siempre me pregunto \u00bfcu\u00e1l es mi aporte a este mundo? Veo un mundo con mucha desigualdad y la codicia de unos pocos. No hay una receta ni cambio posible si no pasa por nuestra conciencia. Y ah\u00ed est\u00e1 nuestra comodidad. Hace a\u00f1os comenc\u00e9 a leer las investigaciones sobre los efectos en nuestro cuerpo de los diferentes alimentos que com\u00fanmente se consumen. Y es un c\u00edrculo perfecto: te embot\u00e1s, te enferm\u00e1s, compr\u00e1s remedios y dedic\u00e1s tu vida y tu dinero a enriquecer a unos pocos.&nbsp;<\/p>\n\n\n\n<p>Me contact\u00e9 con un grupo muy grande de compra de alimentos org\u00e1nicos, una maravillosa red que va creciendo y de la cual participan m\u00e1s de cien pueblos de C\u00f3rdoba y otras provincias. Es un ejemplo concreto de que con organizaci\u00f3n y esfuerzo se puede. Compramos dos veces al a\u00f1o directamente a peque\u00f1os productores, la mayor\u00eda alimentos no perecederos, a un precio m\u00e1s barato o igual que el de un mayorista. Esto es posible gracias al inmenso trabajo de dos mujeres y un grupo de apoyo.<\/p>\n\n\n\n<p>En 2014 me vine a vivir a las sierras. Fue como nacer de nuevo. La experiencia de estar en contacto cotidianamente con la naturaleza me cambi\u00f3 la vida. El d\u00eda a d\u00eda es exigente y placentero. No pod\u00e9s distraerte cuando camin\u00e1s porque es pura piedra, pod\u00e9s doblarte el pie o pisar una v\u00edbora o que te pique un escorpi\u00f3n en verano. No hay agua potable ni gas natural: traemos el agua de un arroyo y la calefacci\u00f3n es a le\u00f1a.<\/p>\n\n\n\n<p>Todo es muy intenso. Me di cuenta,&nbsp; por primera vez en mi vida, que los recuerdos dolorosos se desped\u00edan de mi mente. Encontr\u00e9 por la zona mucha gente joven con la que formamos un grupo de compra de productos org\u00e1nicos, verduras y frutas.&nbsp;En tanto otro fomenta la huerta propia y comparte saberes. Durante dos a\u00f1os compart\u00ed con estudiantes secundarios algo de la experiencia de mi prisi\u00f3n durante la dictadura. Conoc\u00ed realidades muy duras de abusos, drogas, carencias y poco espacio donde hablar o compartir situaciones traum\u00e1ticas.<\/p>\n\n\n\n<figure class=\"wp-block-image size-full mf\"><img decoding=\"async\" width=\"800\" height=\"530\" data-src=\"https:\/\/nosotrasenlibertad.com\/libroweb\/wp-content\/uploads\/2021\/07\/Nidia-Giacumino.jpg\" alt=\"\" class=\"wp-image-10255 lazyload\" data-srcset=\"https:\/\/nosotrasenlibertad.com\/libroweb\/wp-content\/uploads\/2021\/07\/Nidia-Giacumino.jpg 800w, https:\/\/nosotrasenlibertad.com\/libroweb\/wp-content\/uploads\/2021\/07\/Nidia-Giacumino-768x509.jpg 768w\" data-sizes=\"(max-width: 800px) 100vw, 800px\" src=\"data:image\/svg+xml;base64,PHN2ZyB3aWR0aD0iMSIgaGVpZ2h0PSIxIiB4bWxucz0iaHR0cDovL3d3dy53My5vcmcvMjAwMC9zdmciPjwvc3ZnPg==\" style=\"--smush-placeholder-width: 800px; --smush-placeholder-aspect-ratio: 800\/530;\" \/><\/figure>\n\n\n\n<p>Y varios trabajamos un proyecto de reforestaci\u00f3n para la cuenca del lago San Roque, en conexi\u00f3n con la Facultad de Agronom\u00eda.<\/p>\n\n\n\n<p>En lo personal hice terapia much\u00edsimos a\u00f1os. Agradezco haber encontrado a una terapeuta muy especial que aborda situaciones traum\u00e1ticas desde una mirada muy integral y con la cual sostengo el v\u00ednculo.<\/p>\n\n\n\n<p>Creo que la codicia desmedida y el sistema capitalista y patriarcal tienen un punto fuerte y, a la vez, d\u00e9bil: el consumo. Por lo que siempre me pregunto: \u00bfA qui\u00e9n le compro? \u00bfA qui\u00e9n le doy mi dinero, fruto de mi trabajo y horas de vida? \u00bfQu\u00e9 consecuencia tiene cada cosa que hago?<\/p>\n\n\n\n<p>La mejor respuesta que voy encontrando a estos interrogantes es que la suma de muchas voluntades logra cosas que parecen imposibles. De eso estoy convencida.<\/p>\n\n\n\n<p><\/p>\n\n\n\n<p><\/p>\n\n\n\n<p><\/p>\n","protected":false},"excerpt":{"rendered":"<p>Fui presa pol\u00edtica entre abril de 1977 y el 3 de diciembre de 1983. Ten\u00eda 19 a\u00f1os, hac\u00eda dos meses que me hab\u00eda casado&nbsp;y no sab\u00eda que estaba embarazada. Me detuvieron junto con mi marido y nos llevaron al centro clandestino La Perla. Luego nos trasladaron al campo de La Ribera y a la c\u00e1rcel [&hellip;]<\/p>\n","protected":false},"author":1,"featured_media":1834,"comment_status":"closed","ping_status":"open","sticky":false,"template":"single-sierras.php","format":"standard","meta":{"_acf_changed":false,"footnotes":""},"categories":[8],"tags":[36],"class_list":["post-534","post","type-post","status-publish","format-standard","has-post-thumbnail","hentry","category-en-las-sierras","tag-salud"],"acf":[],"_links":{"self":[{"href":"https:\/\/nosotrasenlibertad.com\/libroweb\/wp-json\/wp\/v2\/posts\/534","targetHints":{"allow":["GET"]}}],"collection":[{"href":"https:\/\/nosotrasenlibertad.com\/libroweb\/wp-json\/wp\/v2\/posts"}],"about":[{"href":"https:\/\/nosotrasenlibertad.com\/libroweb\/wp-json\/wp\/v2\/types\/post"}],"author":[{"embeddable":true,"href":"https:\/\/nosotrasenlibertad.com\/libroweb\/wp-json\/wp\/v2\/users\/1"}],"replies":[{"embeddable":true,"href":"https:\/\/nosotrasenlibertad.com\/libroweb\/wp-json\/wp\/v2\/comments?post=534"}],"version-history":[{"count":40,"href":"https:\/\/nosotrasenlibertad.com\/libroweb\/wp-json\/wp\/v2\/posts\/534\/revisions"}],"predecessor-version":[{"id":12735,"href":"https:\/\/nosotrasenlibertad.com\/libroweb\/wp-json\/wp\/v2\/posts\/534\/revisions\/12735"}],"wp:featuredmedia":[{"embeddable":true,"href":"https:\/\/nosotrasenlibertad.com\/libroweb\/wp-json\/wp\/v2\/media\/1834"}],"wp:attachment":[{"href":"https:\/\/nosotrasenlibertad.com\/libroweb\/wp-json\/wp\/v2\/media?parent=534"}],"wp:term":[{"taxonomy":"category","embeddable":true,"href":"https:\/\/nosotrasenlibertad.com\/libroweb\/wp-json\/wp\/v2\/categories?post=534"},{"taxonomy":"post_tag","embeddable":true,"href":"https:\/\/nosotrasenlibertad.com\/libroweb\/wp-json\/wp\/v2\/tags?post=534"}],"curies":[{"name":"wp","href":"https:\/\/api.w.org\/{rel}","templated":true}]}}