{"id":581,"date":"2021-04-09T19:03:52","date_gmt":"2021-04-09T19:03:52","guid":{"rendered":"https:\/\/nosotrasenlibertad.com\/libroweb\/?p=581"},"modified":"2021-10-22T15:09:35","modified_gmt":"2021-10-22T15:09:35","slug":"la-vida-y-la-politica","status":"publish","type":"post","link":"https:\/\/nosotrasenlibertad.com\/libroweb\/la-vida-y-la-politica\/","title":{"rendered":"La vida y la pol\u00edtica"},"content":{"rendered":"\n<p><\/p>\n\n\n\n<p>En la tarde noche del 16 de octubre de 1982 las paredes de la c\u00e1rcel de Devoto se estremec\u00edan con el golpeteo de los pu\u00f1os de las presas pol\u00edticas. En esos tiempos, este rito solo pod\u00eda significar una buena noticia: alguien sal\u00eda en libertad.&nbsp;Las campa\u00f1as de denuncias en el exterior y en el pa\u00eds sobre las violaciones a los Derechos Humanos (DDHH), la crisis econ\u00f3mica y social y la derrota en la Guerra de Las <span class=\"tool-tip\">Malvinas<span class=\"tool-tip-text\">Archipi\u00e9lago de Am\u00e9rica del Sur situado en el mar argentino a 500 kil\u00f3metros de la costa. El 2 de abril de 1982 la dictadura c\u00edvico militar inici\u00f3 el desembarco de tropas en las Islas Malvinas, dando comienzo al conflicto b\u00e9lico con Gran Breta\u00f1a. El enfrentamiento dej\u00f3 un saldo de 650 combatientes nacionales y 255 soldados ingleses muertos. El 14 de junio de 1982 Argentina present\u00f3 la rendici\u00f3n. <\/span><\/span> provocaron el aislamiento del gobierno militar. Antiguos c\u00f3mplices y aliados como la c\u00fapula de la Iglesia Cat\u00f3lica, de los partidos pol\u00edticos tradicionales, empresarios, jueces y medios empezaban a tomar distancia. Por primera vez se vislumbraba un posible camino a elecciones para la democratizaci\u00f3n del pa\u00eds. <\/p>\n\n\n\n<p>En ese contexto visit\u00f3 la c\u00e1rcel el general Ib\u00e9rico Saint Jean, jefe del Primer Cuerpo de Ej\u00e9rcito, y entrevist\u00f3 a varias de nosotras. Aprovechando la oportunidad hicimos nuestros reclamos. Preguntamos d\u00f3nde estaban los desaparecidos, exigimos mejoras en las condiciones de vida y en mi caso le recrimin\u00e9 el <span class=\"tool-tip\">asesinato de los presos pol\u00edticos en la c\u00e1rcel de C\u00f3rdoba<span class=\"tool-tip-text\">En 1976 fueron asesinados veintinueve presos pol\u00edticos en la Unidad Penitenciaria N\u00ba 1 de San Mart\u00edn (Provincia de C\u00f3rdoba) que estaban a disposici\u00f3n de la Justicia Federal.<\/span><\/span>. Eludiendo el tema dijo: \u201cUsted mejor piense lo que har\u00e1 una vez en libertad\u201d. Y agreg\u00f3: \u201cNosotros ganamos la batalla militar, pero ustedes ganaron la batalla ideol\u00f3gica\u201d. Extendi\u00f3 la mano y, aunque al principio dud\u00e9, le respond\u00ed el saludo.&nbsp;<\/p>\n\n\n\n<p>Si bien anhel\u00e1bamos la libertad, nos parec\u00eda un horizonte muy lejano. Los diarios, que nada pod\u00edan decir sobre la situaci\u00f3n de los desaparecidos, ven\u00edan publicando listados de presos pol\u00edticos liberados en cuentagotas. Incr\u00e9dulas le\u00edamos y yo bromeaba con que solo saldr\u00eda en libertad si me la daban el <span class=\"tool-tip\">26 de julio<span class=\"tool-tip-text\">D\u00eda del fallecimiento de Eva Per\u00f3n, en 1952.<\/span><\/span>, el 7 de septiembre o el <span class=\"tool-tip\">17 de octubre<span class=\"tool-tip-text\">Tambi\u00e9n llamado D\u00eda de la Lealtad. Conmemora una gran movilizaci\u00f3n obrera y sindical en la Plaza de Mayo de Buenos Aires realizada el 17 de octubre de 1945, que exigi\u00f3 y obtuvo la liberaci\u00f3n del entonces coronel Juan Domingo Per\u00f3n, detenido pocos d\u00edas antes. El hecho es considerado el nacimiento del peronismo y uno de los momentos m\u00e1s importantes de la historia del movimiento obrero argentino. <\/span><\/span>. Despu\u00e9s, todas re\u00edamos alegres y cambi\u00e1bamos de tema. Por eso, cuando la celadora grit\u00f3: \u201cSan Nicol\u00e1s,\u00a1traslado con efectos!\u201d, ca\u00ed en la cuenta de que saldr\u00eda en libertad. Cuando abri\u00f3 la celda sal\u00ed a recorrer el pasillo para despedirme de las compa\u00f1eras agolpadas en las mirillas. \u201c\u00bfVieron? \u00a1me voy porque es 17 de octubre!\u201d.<\/p>\n\n\n\n<p>Los v\u00ednculos de compa\u00f1erismo y solidaridad que logramos en esa situaci\u00f3n son indestructibles. Este humor, propio de las presas, sirvi\u00f3 en los mejores y peores momentos. No solo fue un mecanismo de defensa sino una parte vital de la resistencia al plan de destrucci\u00f3n f\u00edsica, moral y pol\u00edtica que implementaban sobre nosotras.&nbsp; Pasadas las 12 de la noche sal\u00edamos de Devoto con Liliana Salvador, Blanca Becher y Berta Horen, entre otras que mi memoria no recuerda, tal vez por no haberlas conocido desde antes. Por suerte, la guardia de las familias de Buenos Aires, siempre atentas, esperaban en la puerta. La familia de Berta Horen me acogi\u00f3 cari\u00f1osamente ese d\u00eda, hasta que pude viajar a C\u00f3rdoba.  Estuve detenida en la c\u00e1rcel de Devoto desde el 1 de diciembre de 1976 hasta ese d\u00eda, 17 de octubre de 1982.<\/p>\n\n\n\n<h3 class=\"wp-block-heading\">La vida en libertad<\/h3>\n\n\n\n<p>Un a\u00f1o despu\u00e9s, en el &#8217;83, vino la democracia. Y con ella el <span class=\"tool-tip\">Juicio a las Juntas<span class=\"tool-tip-text\">Proceso realizado por la Justicia Civil en 1985 por decreto N\u00b0 158\/83 del presidente Ra\u00fal Ricardo Alfons\u00edn. El decreto orden\u00f3 someter a juicio sumario a nueve militares de las tres armas que integraron las Juntas y dirigieron el pa\u00eds desde el inicio del golpe c\u00edvico militar hasta la Guerra de las Malvinas en 1982. La sentencia dictada el 9 de diciembre de 1985 conden\u00f3 a cinco acusados y absolvi\u00f3 a cuatro de ellos.  <\/span><\/span>. En ese marco, una de las primeras acciones que emprendimos fue recoger testimonios y documentaci\u00f3n para aportar a los juicios de los fusilados en la c\u00e1rcel de C\u00f3rdoba y del obispo cordob\u00e9s Monse\u00f1or Angelelli asesinado en La Rioja. En esos tiempos nos conectamos con Liliana Lesgart, \u00fanica sobreviviente de una familia de cinco hermanos que a\u00fan viv\u00eda en Francia y, m\u00e1s tarde, integr\u00f3 el Servicio Paz y Justicia (SERPAJ) en C\u00f3rdoba. Hab\u00eda causado en nosotros un fuerte impacto ver en la ronda de Plaza de Mayo las fotos ampliadas con los rostros de los compa\u00f1eros. Liliana consigui\u00f3 doscientos d\u00f3lares de la solidaridad internacional, que utilizamos para ampliar las fotos de los desaparecidos de C\u00f3rdoba. Poner sus rostros en la ronda de la Plaza San Mart\u00edn era una acci\u00f3n de trascendencia simb\u00f3lica, pero esencialmente pol\u00edtica. Parec\u00eda que las desapariciones, la estigmatizaci\u00f3n y el miedo daban sus frutos en la sociedad cordobesa. Que los militares hab\u00edan logrado no solo hacer desaparecer los cuerpos sino tambi\u00e9n los nombres, la historia personal, la trayectoria social y pol\u00edtica de tantos compa\u00f1eros y compa\u00f1eras. Por eso era importante darles visibilidad, entidad e identidad y mostrar sus rostros para reavivar la memoria colectiva. Recoger entre los familiares las fotos de nuestros compa\u00f1eros fue una tarea delicada, comprometida, y esencialmente amorosa. Signific\u00f3 hablar con cada uno, explicar el proyecto y convencerlo de que al menos por unos d\u00edas se desprendieran de ese recuerdo, de ese tesoro.&nbsp;<\/p>\n\n\n\n<figure class=\"wp-block-image size-full mf\"><img decoding=\"async\" width=\"800\" height=\"530\" data-src=\"https:\/\/nosotrasenlibertad.com\/libroweb\/wp-content\/uploads\/2021\/07\/Norma-Susana-San-Nicolas-1.jpg\" alt=\"\" class=\"wp-image-10365 lazyload\" data-srcset=\"https:\/\/nosotrasenlibertad.com\/libroweb\/wp-content\/uploads\/2021\/07\/Norma-Susana-San-Nicolas-1.jpg 800w, https:\/\/nosotrasenlibertad.com\/libroweb\/wp-content\/uploads\/2021\/07\/Norma-Susana-San-Nicolas-1-768x509.jpg 768w\" data-sizes=\"(max-width: 800px) 100vw, 800px\" src=\"data:image\/svg+xml;base64,PHN2ZyB3aWR0aD0iMSIgaGVpZ2h0PSIxIiB4bWxucz0iaHR0cDovL3d3dy53My5vcmcvMjAwMC9zdmciPjwvc3ZnPg==\" style=\"--smush-placeholder-width: 800px; --smush-placeholder-aspect-ratio: 800\/530;\" \/><\/figure>\n\n\n\n<p>Poco a poco obtuvimos las fotos que fueron copiadas y ampliadas por los fot\u00f3grafos Horacio Rata Liendo y Luc\u00eda Segu\u00ed. Ella clausur\u00f3 su ba\u00f1o y arm\u00f3 un laboratorio en su ba\u00f1adera para revelar las fotos de gran tama\u00f1o. Despu\u00e9s fueron colgadas en pancartas de cart\u00f3n prensado y madera. Al principio sin los nombres. Despu\u00e9s nos dimos cuenta que era importante incluirlos logrando as\u00ed que caminaran junto a nosotros alrededor de la plaza. Con el tiempo resultaron pesadas y hubo que modernizar los soportes. Pero esa es otra historia.&nbsp;<\/p>\n\n\n\n<h3 class=\"wp-block-heading\">Nuevas formas de protagonismo y representaci\u00f3n. El Movimiento Cordob\u00e9s<\/h3>\n\n\n\n<p>En un contexto pol\u00edtico y social complejo, como el de post-dictadura, percibimos que en los barrios de C\u00f3rdoba, persist\u00edan peque\u00f1os \u201cfueguitos\u201d organizativos que hab\u00edan resistido al vendaval represivo. Con mucho trabajo vecinal y una gran decepci\u00f3n de los partidos pol\u00edticos que insist\u00edan en ignorar sus reclamos, muchos vecinos se manten\u00edan nucleados en espacios comunes como dispensarios, parroquias, clubes, bibliotecas, cooperadoras, cooperativas e incluso sindicatos. A pesar de provenir de esos partidos, las cr\u00edticas sobre todo a los radicales y al peronismo, se centraban en la elecci\u00f3n a dedo de sus candidatos sin dar participaci\u00f3n ni consultar a sus propios afiliados. Que adem\u00e1s, en general, desconoc\u00edan las problem\u00e1ticas y necesidades de sus \u201crepresentados\u201d. La pretensi\u00f3n era, de m\u00ednima, obtener alg\u00fan concejal surgido de entre los vecinos y elegido en asamblea. Las premisas eran claras y expresaban ese descontento. \u201cSe\u00f1or vecino, \u00bfconoce usted a su concejal?\u201d, \u201cElija al mejor del barrio, al mejor del pueblo\u201d, estas eran algunas consignas que se pintaban en las paredes. As\u00ed surgi\u00f3 el Movimiento Cordob\u00e9s como partido vecinal y propuesta para dar unidad y direcci\u00f3n com\u00fan a estas experiencias dispersas y a la necesidad de involucrarse en cambiar las realidades de injusticia y desigualdad dentro de la vida de barrios y villas.&nbsp;<\/p>\n\n\n\n<figure class=\"wp-block-image size-full mf\"><img decoding=\"async\" width=\"800\" height=\"530\" data-src=\"https:\/\/nosotrasenlibertad.com\/libroweb\/wp-content\/uploads\/2021\/07\/Norma-Susana-San-Nicolas-2.jpg\" alt=\"\" class=\"wp-image-10364 lazyload\" data-srcset=\"https:\/\/nosotrasenlibertad.com\/libroweb\/wp-content\/uploads\/2021\/07\/Norma-Susana-San-Nicolas-2.jpg 800w, https:\/\/nosotrasenlibertad.com\/libroweb\/wp-content\/uploads\/2021\/07\/Norma-Susana-San-Nicolas-2-768x509.jpg 768w\" data-sizes=\"(max-width: 800px) 100vw, 800px\" src=\"data:image\/svg+xml;base64,PHN2ZyB3aWR0aD0iMSIgaGVpZ2h0PSIxIiB4bWxucz0iaHR0cDovL3d3dy53My5vcmcvMjAwMC9zdmciPjwvc3ZnPg==\" style=\"--smush-placeholder-width: 800px; --smush-placeholder-aspect-ratio: 800\/530;\" \/><\/figure>\n\n\n\n<p>Las elecciones fueron en octubre de 1987. Los partidos pol\u00edticos tradicionales, furiosos con la insolencia del Movimiento Cordob\u00e9s, reci\u00e9n surgido y tan cuestionador, desplegaron sus inmensos aparatos propagand\u00edsticos en contra del peque\u00f1o David que pretend\u00eda disputar el espacio territorial a Goliat. Y aunque no alcanz\u00f3 para tener un concejal la experiencia organizativa sirvi\u00f3 para consolidar nuevos intentos. Algunos compa\u00f1eros disputaron y ganaron sus gremios, otros comisiones vecinales y todos ganamos en experiencia de trabajo pol\u00edtico aportando al proyecto nacional y popular. Quiz\u00e1s siga pendiente el encontrar los mecanismos de participaci\u00f3n efectiva en los sistemas electorales que mejoren la representaci\u00f3n pol\u00edtica y sea capaz de alcanzar las demandas sectoriales de mayores derechos expresados en gran parte en movimientos y organizaciones sociales.&nbsp;<\/p>\n\n\n\n<p><\/p>\n","protected":false},"excerpt":{"rendered":"<p>En la tarde noche del 16 de octubre de 1982 las paredes de la c\u00e1rcel de Devoto se estremec\u00edan con el golpeteo de los pu\u00f1os de las presas pol\u00edticas. En esos tiempos, este rito solo pod\u00eda significar una buena noticia: alguien sal\u00eda en libertad.&nbsp;Las campa\u00f1as de denuncias en el exterior y en el pa\u00eds sobre [&hellip;]<\/p>\n","protected":false},"author":1,"featured_media":1712,"comment_status":"closed","ping_status":"open","sticky":false,"template":"single-sierras.php","format":"standard","meta":{"_acf_changed":false,"footnotes":""},"categories":[8],"tags":[29,30],"class_list":["post-581","post","type-post","status-publish","format-standard","has-post-thumbnail","hentry","category-en-las-sierras","tag-actividad-comunitaria","tag-derechos-humanos"],"acf":[],"_links":{"self":[{"href":"https:\/\/nosotrasenlibertad.com\/libroweb\/wp-json\/wp\/v2\/posts\/581","targetHints":{"allow":["GET"]}}],"collection":[{"href":"https:\/\/nosotrasenlibertad.com\/libroweb\/wp-json\/wp\/v2\/posts"}],"about":[{"href":"https:\/\/nosotrasenlibertad.com\/libroweb\/wp-json\/wp\/v2\/types\/post"}],"author":[{"embeddable":true,"href":"https:\/\/nosotrasenlibertad.com\/libroweb\/wp-json\/wp\/v2\/users\/1"}],"replies":[{"embeddable":true,"href":"https:\/\/nosotrasenlibertad.com\/libroweb\/wp-json\/wp\/v2\/comments?post=581"}],"version-history":[{"count":39,"href":"https:\/\/nosotrasenlibertad.com\/libroweb\/wp-json\/wp\/v2\/posts\/581\/revisions"}],"predecessor-version":[{"id":13940,"href":"https:\/\/nosotrasenlibertad.com\/libroweb\/wp-json\/wp\/v2\/posts\/581\/revisions\/13940"}],"wp:featuredmedia":[{"embeddable":true,"href":"https:\/\/nosotrasenlibertad.com\/libroweb\/wp-json\/wp\/v2\/media\/1712"}],"wp:attachment":[{"href":"https:\/\/nosotrasenlibertad.com\/libroweb\/wp-json\/wp\/v2\/media?parent=581"}],"wp:term":[{"taxonomy":"category","embeddable":true,"href":"https:\/\/nosotrasenlibertad.com\/libroweb\/wp-json\/wp\/v2\/categories?post=581"},{"taxonomy":"post_tag","embeddable":true,"href":"https:\/\/nosotrasenlibertad.com\/libroweb\/wp-json\/wp\/v2\/tags?post=581"}],"curies":[{"name":"wp","href":"https:\/\/api.w.org\/{rel}","templated":true}]}}