{"id":598,"date":"2021-04-09T19:23:42","date_gmt":"2021-04-09T19:23:42","guid":{"rendered":"https:\/\/nosotrasenlibertad.com\/libroweb\/?p=598"},"modified":"2021-09-30T22:55:06","modified_gmt":"2021-09-30T22:55:06","slug":"una-causa-invencible","status":"publish","type":"post","link":"https:\/\/nosotrasenlibertad.com\/libroweb\/una-causa-invencible\/","title":{"rendered":"Una causa invencible"},"content":{"rendered":"\n<p><\/p>\n\n\n\n<p>Estuve presa poco tiempo en la c\u00e1rcel de Mendoza cuando fui detenida con mi madre, la Nin\u00f3n, a fines de 1976. En febrero de 1977 me detuvieron en C\u00f3rdoba, me trasladaron a la c\u00e1rcel de Villa Devoto y, finalmente, a Ezeiza. De all\u00ed sal\u00ed en libertad a finales de 1983. Sal\u00ed y me reencontr\u00e9 con mi familia, con el barrio y con los amigxs.&nbsp;<\/p>\n\n\n\n<p>Formamos familia con Roberto Pecho Bardach, compa\u00f1ero de militancia, amigo y gran referente para m\u00ed y muchxs compa\u00f1erxs. Trajo consigo un sol, su hija de nueve a\u00f1itos, Mar\u00eda Pimpollo. Y tuvimos tres soles m\u00e1s: Mar\u00eda Celeste, Mar\u00eda Leonarda y Mar\u00eda Trinidad. Las cuatro dulces, traviesas y hermosas.&nbsp;&nbsp;&nbsp;&nbsp;<\/p>\n\n\n\n<p>Trabajamos como encuestadores para la empresa <span class=\"tool-tip\"><em>IPSA<\/em><span class=\"tool-tip-text\">Empresa Internacional de Estudios de Mercado.<\/span><\/span>. Fui apoderada de la lista Eva Per\u00f3n del Sindicato \u00danico de la Publicidad (SUP) y delegada en la misma empresa. Con el tiempo se nos dificult\u00f3 el cuidado de las ni\u00f1as as\u00ed que decidimos que yo me quedara en casa el tiempo necesario hasta que crecieran un poco.<\/p>\n\n\n\n<p>Hice una capacitaci\u00f3n sobre marginalidad y me present\u00e9 a Carlos Diez, el cura del Le\u00f3n XIII, colegio mercedario, humanista y con orientaci\u00f3n en la pr\u00e1ctica y lo social. \u201cVoy donde haga falta\u201c, le dije. As\u00ed comenz\u00f3 el gran desaf\u00edo de <span class=\"tool-tip\">Costa Canal<span class=\"tool-tip-text\">Asentamiento poblacional de la provincia de C\u00f3rdoba ubicado a orillas del canal Maestro Norte.<\/span><\/span>. Apoyo escolar. Iba d\u00eda tras d\u00eda y nadie llegaba. Recorr\u00eda casa por casa y nada. Hasta que pasado un mes Laura lleg\u00f3 con sus seis ni\u00f1xs. Algarab\u00eda total. La tarde se llen\u00f3 de risas y Laura me explic\u00f3: \u201cSiempre vienen unos d\u00edas y se van, vos sos insistidora, por eso te van a traer los chicxs\u201c. Y as\u00ed fue: ni\u00f1xs de todas las edades que quer\u00edan jugar, hablar, contar sus historias. Nada de hacer tareas o estudiar \u00a1No, no, no! eso vendr\u00eda con el tiempo.&nbsp;<\/p>\n\n\n\n<p>Aprend\u00ed a conocer y querer a cada persona de la Costa. Se organizaron las mujeres primero y despu\u00e9s aparecieron los hombres. Pintamos y <em>hermoseamos<\/em> la casita y se cre\u00f3 la cocina comunitaria: cada semana, dos mujeres se ocupaban de cocinar para todos \u00a1Una creatividad! Eran genias, magas, gigantes hacedoras del pan y de la vida, siempre alegres \u00a1Una fortaleza!<\/p>\n\n\n\n<figure class=\"wp-block-image size-full imgFloat\"><img decoding=\"async\" width=\"400\" height=\"533\" data-src=\"https:\/\/nosotrasenlibertad.com\/libroweb\/wp-content\/uploads\/2021\/07\/Maria-Celeste-Seydell-2.jpg\" alt=\"\" class=\"wp-image-10288 lazyload\" src=\"data:image\/svg+xml;base64,PHN2ZyB3aWR0aD0iMSIgaGVpZ2h0PSIxIiB4bWxucz0iaHR0cDovL3d3dy53My5vcmcvMjAwMC9zdmciPjwvc3ZnPg==\" style=\"--smush-placeholder-width: 400px; --smush-placeholder-aspect-ratio: 400\/533;\" \/><\/figure>\n\n\n\n<p>Surgi\u00f3 el Ropero Comunitario: se intercambiaban alimentos por prendas. Adem\u00e1s, los talleres de todo tipo y la red para el cuidado de ni\u00f1xs y grandes. Poco a poco, mediante ayuda psicol\u00f3gica y trabajo para los varones, se fue sanando la violencia intrafamiliar. Se celebraban cumplea\u00f1os, nacimientos y llegadas de nuevxs integrantes a pura fiesta comunitaria. Los ni\u00f1xs una vez al mes, de nuestra mano, iban de picnic al geri\u00e1trico del barrio a jugar con lxs abuelxs \u00a1Eran tan felices todos! Lxs abuelxs lxs esperaban con caramelos, torta, limonada. Y lxs chicxs les cantaban y jugaban con ellxs. Ambos grupos quer\u00edan que no terminara el d\u00eda, que durara para siempre.<\/p>\n\n\n\n<p>La Costa se organiz\u00f3. Lograron muchas cosas. Yo aprend\u00ed un mont\u00f3n. Algunas familias pudieron construir sus casas unas cuadras m\u00e1s arriba, en barrio San Francisco. All\u00ed se levant\u00f3 un sal\u00f3n de uso comunitario donde se organizaron talleres con diversos temas y objetivos.<\/p>\n\n\n\n<p>Con el tiempo trasladaron las dem\u00e1s familias a un <span class=\"tool-tip\">\u201cbarrio ciudad\u201c<span class=\"tool-tip-text\">Extensos conglomerados de viviendas sociales construidos entre 2001 y 2007 en las afueras de la ciudad de C\u00f3rdoba para erradicar asentamientos y villas miserias.<\/span><\/span>, como les llamaban. Result\u00f3 muy mal, ya que juntaron varios barrios y surgieron muchos problemas de desarraigos y liderazgos,&nbsp;entre otros.<\/p>\n\n\n\n<p>Mientras tanto participamos con mi compa\u00f1ero, el Pecho, en la conformaci\u00f3n de la Central de Trabajadores de la Argentina (CTA) y llevamos adelante la militancia en el Frente Nacional Contra la Pobreza (FRENAPO).<\/p>\n\n\n\n<p>Hoy sigo en contacto con algunxs de la Costa despu\u00e9s de muchos a\u00f1os. Son muy fuertes, buenas y valiosas personas. Resistimos juntxs el <em>menemismo<\/em>. Puedo aseverar que crec\u00ed, aprend\u00ed y me enriquec\u00ed a la par de todxs ellxs. Les debo eso, que nos es poco.<\/p>\n\n\n\n<p><strong>&nbsp;<\/strong><\/p>\n","protected":false},"excerpt":{"rendered":"<p>Estuve presa poco tiempo en la c\u00e1rcel de Mendoza cuando fui detenida con mi madre, la Nin\u00f3n, a fines de 1976. En febrero de 1977 me detuvieron en C\u00f3rdoba, me trasladaron a la c\u00e1rcel de Villa Devoto y, finalmente, a Ezeiza. De all\u00ed sal\u00ed en libertad a finales de 1983. Sal\u00ed y me reencontr\u00e9 con [&hellip;]<\/p>\n","protected":false},"author":1,"featured_media":1810,"comment_status":"closed","ping_status":"open","sticky":false,"template":"single-sierras.php","format":"standard","meta":{"_acf_changed":false,"footnotes":""},"categories":[8],"tags":[29,40],"class_list":["post-598","post","type-post","status-publish","format-standard","has-post-thumbnail","hentry","category-en-las-sierras","tag-actividad-comunitaria","tag-actividad-gremial"],"acf":[],"_links":{"self":[{"href":"https:\/\/nosotrasenlibertad.com\/libroweb\/wp-json\/wp\/v2\/posts\/598","targetHints":{"allow":["GET"]}}],"collection":[{"href":"https:\/\/nosotrasenlibertad.com\/libroweb\/wp-json\/wp\/v2\/posts"}],"about":[{"href":"https:\/\/nosotrasenlibertad.com\/libroweb\/wp-json\/wp\/v2\/types\/post"}],"author":[{"embeddable":true,"href":"https:\/\/nosotrasenlibertad.com\/libroweb\/wp-json\/wp\/v2\/users\/1"}],"replies":[{"embeddable":true,"href":"https:\/\/nosotrasenlibertad.com\/libroweb\/wp-json\/wp\/v2\/comments?post=598"}],"version-history":[{"count":44,"href":"https:\/\/nosotrasenlibertad.com\/libroweb\/wp-json\/wp\/v2\/posts\/598\/revisions"}],"predecessor-version":[{"id":13088,"href":"https:\/\/nosotrasenlibertad.com\/libroweb\/wp-json\/wp\/v2\/posts\/598\/revisions\/13088"}],"wp:featuredmedia":[{"embeddable":true,"href":"https:\/\/nosotrasenlibertad.com\/libroweb\/wp-json\/wp\/v2\/media\/1810"}],"wp:attachment":[{"href":"https:\/\/nosotrasenlibertad.com\/libroweb\/wp-json\/wp\/v2\/media?parent=598"}],"wp:term":[{"taxonomy":"category","embeddable":true,"href":"https:\/\/nosotrasenlibertad.com\/libroweb\/wp-json\/wp\/v2\/categories?post=598"},{"taxonomy":"post_tag","embeddable":true,"href":"https:\/\/nosotrasenlibertad.com\/libroweb\/wp-json\/wp\/v2\/tags?post=598"}],"curies":[{"name":"wp","href":"https:\/\/api.w.org\/{rel}","templated":true}]}}