{"id":640,"date":"2021-04-13T14:43:04","date_gmt":"2021-04-13T14:43:04","guid":{"rendered":"https:\/\/nosotrasenlibertad.com\/libroweb\/?p=640"},"modified":"2021-12-01T17:50:17","modified_gmt":"2021-12-01T17:50:17","slug":"insolito","status":"publish","type":"post","link":"https:\/\/nosotrasenlibertad.com\/libroweb\/insolito\/","title":{"rendered":"Ins\u00f3lito"},"content":{"rendered":"\n<p><\/p>\n\n\n\n<p>Marta Quiroga, la Pantera, ven\u00eda de Suecia despu\u00e9s de treinta y dos a\u00f1os, as\u00ed que dej\u00e9 Trelew y part\u00ed hacia Buenos Aires. Fue en 2007. Hab\u00edamos quedado en encontrarnos en el <em>Caf\u00e9 La Paz<\/em>, de la avenida Corrientes.\u00a0Tambi\u00e9n ir\u00edan Graciela y la flaca Movia. Las tres hab\u00edamos compartido pabell\u00f3n, all\u00e1 por el &#8217;78. La emoci\u00f3n era incre\u00edble, la cita era a las 5 de la tarde. Yo\u00a0no pod\u00eda contenerme. Pensaba, \u00bfqu\u00e9 habr\u00e1 sido de su vida? \u00bfNos reconoceremos? Hab\u00eda tanto para contarnos. La adrenalina me corr\u00eda por el cuerpo y el tiempo parec\u00eda no pasar.\u00a0<\/p>\n\n\n\n<p>Como a las 11&nbsp; fui a lo de Maril\u00fa, otra compa\u00f1era de Devoto, para contarle. Cuando llegu\u00e9, Maril\u00fa me pas\u00f3 un celular de Buenos Aires para que la llamara. Y llam\u00e9.<\/p>\n\n\n\n<p>\u2014Hola, \u00bfPantera? Soy yo, Silvia.<\/p>\n\n\n\n<p>\u00a1Era La Pantera! Su voz era la misma, sus gritos y los m\u00edos se cruzaron, amontonamos palabras y preguntas.<\/p>\n\n\n\n<p>\u2014\u00bfC\u00f3mo est\u00e1s? \u00bfC\u00f3mo viajaste? Hoy nos vemos \u00bfSab\u00e9s c\u00f3mo llegar al caf\u00e9?<\/p>\n\n\n\n<p>\u2014\u00bfD\u00f3nde est\u00e1s parando?&nbsp;\u00a1Ah!, en Palermo. Qu\u00e9 casualidad yo tambi\u00e9n estoy en Palermo ahora, en casa de Maril\u00fa.<\/p>\n\n\n\n<p>\u2014Y, \u00bfen qu\u00e9 zona est\u00e1s?&nbsp;\u00bfCerca de la avenida Santa Fe, en serio? Yo tambi\u00e9n\u2026 \u00bfEn qu\u00e9 calle est\u00e1s?&nbsp;<\/p>\n\n\n\n<p>Y escuch\u00e9 que su amigo, donde estaba alojada, le dijo \u00abcalle Thames\u00bb.<\/p>\n\n\n\n<p>\u2014Pero, \u00a1Panter! \u00bfThames y qu\u00e9\u2026?<\/p>\n\n\n\n<p>Cuando escuch\u00e9 que&nbsp; dijo Paraguay y Thames pegu\u00e9 un grito\u2026 casi a punto de desmayarme.<\/p>\n\n\n\n<p>\u2014Panter, \u00a1yo tambi\u00e9n estoy en Paraguay y Thames!<\/p>\n\n\n\n<p>La vida, los treinta y dos a\u00f1os,&nbsp;las distancias, los recuerdos, aquel&nbsp;abrazo que nos dimos tan fuerte de despedida y&nbsp;vos que te perd\u00edas por el pasillo de los pabellones cuando te trasladaron\u2026 todo se volvi\u00f3 un segundo.<\/p>\n\n\n\n<p>Sal\u00ed al balc\u00f3n de un piso dieciocho con el celular en la mano y llorando a mares.<\/p>\n\n\n\n<p>\u201cPantera, \u00bfd\u00f3nde est\u00e1s?\u201d, grit\u00e9. Y all\u00ed estaba la Pantera \u00a1En el edificio de al lado, en una terraza de un segundo piso!&nbsp;<\/p>\n\n\n\n<p>Baj\u00e9 corriendo y el ascensor me pareci\u00f3 \u00a1tan lento! Nos fundimos en un abrazo como aquel de la despedida all\u00e1, en el pabell\u00f3n 40, prometiendo que nos reencontrar\u00edamos alg\u00fan d\u00eda.<\/p>\n\n\n\n<p>\u00bfQu\u00e9 im\u00e1n nos&nbsp;atraves\u00f3 para que en una ciudad de millones de habitantes estuvi\u00e9ramos las dos en el mismo sitio? \u00bfQu\u00e9 hilos nos siguen atando? \u00bfQui\u00e9n nos lleva por la vida para que no nos soltemos? \u00bfCasualidad? Misterio\u2026<\/p>\n\n\n\n<p><\/p>\n","protected":false},"excerpt":{"rendered":"<p>Marta Quiroga, la Pantera, ven\u00eda de Suecia despu\u00e9s de treinta y dos a\u00f1os, as\u00ed que dej\u00e9 Trelew y part\u00ed hacia Buenos Aires. Fue en 2007. Hab\u00edamos quedado en encontrarnos en el Caf\u00e9 La Paz, de la avenida Corrientes.\u00a0Tambi\u00e9n ir\u00edan Graciela y la flaca Movia. Las tres hab\u00edamos compartido pabell\u00f3n, all\u00e1 por el &#8217;78. La emoci\u00f3n [&hellip;]<\/p>\n","protected":false},"author":1,"featured_media":1705,"comment_status":"closed","ping_status":"open","sticky":false,"template":"single-andes.php","format":"standard","meta":{"_acf_changed":false,"footnotes":""},"categories":[5],"tags":[],"class_list":["post-640","post","type-post","status-publish","format-standard","has-post-thumbnail","hentry","category-de-la-cordillera-al-atlantico"],"acf":[],"_links":{"self":[{"href":"https:\/\/nosotrasenlibertad.com\/libroweb\/wp-json\/wp\/v2\/posts\/640","targetHints":{"allow":["GET"]}}],"collection":[{"href":"https:\/\/nosotrasenlibertad.com\/libroweb\/wp-json\/wp\/v2\/posts"}],"about":[{"href":"https:\/\/nosotrasenlibertad.com\/libroweb\/wp-json\/wp\/v2\/types\/post"}],"author":[{"embeddable":true,"href":"https:\/\/nosotrasenlibertad.com\/libroweb\/wp-json\/wp\/v2\/users\/1"}],"replies":[{"embeddable":true,"href":"https:\/\/nosotrasenlibertad.com\/libroweb\/wp-json\/wp\/v2\/comments?post=640"}],"version-history":[{"count":37,"href":"https:\/\/nosotrasenlibertad.com\/libroweb\/wp-json\/wp\/v2\/posts\/640\/revisions"}],"predecessor-version":[{"id":14130,"href":"https:\/\/nosotrasenlibertad.com\/libroweb\/wp-json\/wp\/v2\/posts\/640\/revisions\/14130"}],"wp:featuredmedia":[{"embeddable":true,"href":"https:\/\/nosotrasenlibertad.com\/libroweb\/wp-json\/wp\/v2\/media\/1705"}],"wp:attachment":[{"href":"https:\/\/nosotrasenlibertad.com\/libroweb\/wp-json\/wp\/v2\/media?parent=640"}],"wp:term":[{"taxonomy":"category","embeddable":true,"href":"https:\/\/nosotrasenlibertad.com\/libroweb\/wp-json\/wp\/v2\/categories?post=640"},{"taxonomy":"post_tag","embeddable":true,"href":"https:\/\/nosotrasenlibertad.com\/libroweb\/wp-json\/wp\/v2\/tags?post=640"}],"curies":[{"name":"wp","href":"https:\/\/api.w.org\/{rel}","templated":true}]}}