{"id":67,"date":"2021-03-25T20:27:13","date_gmt":"2021-03-25T20:27:13","guid":{"rendered":"https:\/\/nosotrasenlibertad.com\/libroweb\/?p=67"},"modified":"2021-10-20T21:24:53","modified_gmt":"2021-10-20T21:24:53","slug":"de-aqui-y-de-alla","status":"publish","type":"post","link":"https:\/\/nosotrasenlibertad.com\/libroweb\/de-aqui-y-de-alla\/","title":{"rendered":"De aqu\u00ed y de all\u00e1"},"content":{"rendered":"\n<p>\u201cEl que se va no vuelve\u201d, sentenci\u00f3 mi mam\u00e1 cuando le dije que me ir\u00eda del pa\u00eds. Era una soluci\u00f3n justa para frenar los continuos abusos a mi familia por parte de la fuerza de seguridad durante mi libertad vigilada y despu\u00e9s. Con cuatro posibilidades, decid\u00ed que Canad\u00e1 era el lugar que nos calmar\u00eda a todos. Promet\u00ed que regresar\u00eda a los tres a\u00f1os, una vez aprendidos los dos idiomas oficiales, y agradec\u00ed la oportunidad de empezar de cero, jaja, \u00a1qu\u00e9 ilusa! Uno se va con todo su bagaje emocional, el que no se deja colgado en un ropero.&nbsp;Me fui una tarde fr\u00eda de oto\u00f1o de 1983 y, al d\u00eda siguiente, me recibi\u00f3 un Toronto primaveral, c\u00e1lido y radiante. Todo era grande: el aeropuerto, las carreteras, los parques, los platos de comida y las flores.<\/p>\n\n\n\n<p>Como a cualquier otro inmigrante argentino, con pocos conocidos o ninguno, la informaci\u00f3n sobre la situaci\u00f3n canadiense llegaba a cuentagotas. A medida que nos relacion\u00e1bamos con otras comunidades, desaparec\u00eda la idea de que Argentina era conocida. No sab\u00edamos si llorar o re\u00edr cuando los m\u00e1s informados nos reconoc\u00edan como la capital de Brasil, por Maradona y, posteriormente, por la canci\u00f3n <em>\u201cDon\u00b4t cry for me Argentina\u201d <\/em>interpretada por Madonna \u00a1Qu\u00e9 desenga\u00f1o! Argentina no era el centro del mundo. <\/p>\n\n\n\n<p>De a poco y como pudimos nos fuimos ubicando en un pa\u00eds donde la mayor\u00eda subsist\u00eda sin demasiadas penurias, en un sistema que ofrec\u00eda bienestar y movilidad social a mediados de los &#8217;80. Con dedicaci\u00f3n y trabajo duro logramos llevar adelante nuestras aspiraciones: criar a nuestros hijos, completar estudios universitarios, ser empresarios y tener algunos privilegios de la clase media. Por nuestra profesi\u00f3n, nos conectamos con personas de diferentes culturas en esta sociedad estructurada sobre la base de las similitudes. El importante apoyo emocional se conform\u00f3 con otros argentinos exiliados que han funcionado como familia sustituta. Ellos y ellas nos dieron fortaleza y permitieron que nos mantuvi\u00e9ramos consecuentes con nuestras conductas solidarias, cuyo hito m\u00e1s importante lo constituy\u00f3 nuestra participaci\u00f3n pol\u00edtica en los a\u00f1os &#8217;70 en nuestro pa\u00eds.&nbsp;<\/p>\n\n\n\n<p>Cada uno, juntos y\/o separados, participamos en campa\u00f1as electorales, fuimos voluntarios en centros estudiantiles, sindicales, comunitarios, integramos diferentes grupos de solidaridad con El Salvador, Chile, Guatemala y Sud\u00e1frica, entre otros. En 1975, un grupo de tres argentinos y no muchos m\u00e1s canadienses, se organizaron para pedir por Alberto Jos\u00e9 Munarriz, que estaba desaparecido desde el 11 de noviembre de 1974. A este grupo se fueron sumando los primeros exiliados en los &#8217;70 dando lugar al <em>The Group for the Defense of Civil Rights in Argentina<\/em> (Grupo por la Defensa y los Derechos Civiles en Argentina, GDCRA). De all\u00ed surgieron diferentes comit\u00e9s, entre ellos <em>No Candufor Argentina<\/em> (1977), que intent\u00f3 obstaculizar el env\u00edo de un reactor nuclear a Argentina y el <em>Emergency Committee for Argentinean Political Prisoners and Refugees<\/em> (1978). Diferentes sectores de la sociedad formaban parte de ellos: trabajadores en general, sindicalistas, profesionales, universitarios, pol\u00edticos, miembros de&nbsp;iglesias y activistas antinucleares, entre otros. El fin era informar a la sociedad local y a sus gobernantes lo sucedido en Argentina durante la dictadura y, a trav\u00e9s de ellos, presionar al gobierno militar desde el exterior.<\/p>\n\n\n\n<figure class=\"wp-block-image size-large margenFotos\"><img decoding=\"async\" width=\"800\" height=\"353\" data-src=\"https:\/\/nosotrasenlibertad.com\/libroweb\/wp-content\/uploads\/2021\/06\/Adriana-Spahr.jpg\" alt=\"\" class=\"wp-image-3721 lazyload\" data-srcset=\"https:\/\/nosotrasenlibertad.com\/libroweb\/wp-content\/uploads\/2021\/06\/Adriana-Spahr.jpg 800w, https:\/\/nosotrasenlibertad.com\/libroweb\/wp-content\/uploads\/2021\/06\/Adriana-Spahr-300x132.jpg 300w, https:\/\/nosotrasenlibertad.com\/libroweb\/wp-content\/uploads\/2021\/06\/Adriana-Spahr-768x339.jpg 768w\" data-sizes=\"(max-width: 800px) 100vw, 800px\" src=\"data:image\/svg+xml;base64,PHN2ZyB3aWR0aD0iMSIgaGVpZ2h0PSIxIiB4bWxucz0iaHR0cDovL3d3dy53My5vcmcvMjAwMC9zdmciPjwvc3ZnPg==\" style=\"--smush-placeholder-width: 800px; --smush-placeholder-aspect-ratio: 800\/353;\" \/><figcaption>Mural <em>Matter-Materia<\/em> (octubre 1981) del artista mexicano Daniel Manrique dedicado a las madres de los desaparecidos. Fue realizado a pedido del&nbsp;Grupo por la Defensa y los Derechos Civiles en Argentina de Toronto con el apoyo del sindicato <em>United Auto Workers<\/em> y otros sindicatos de Canad\u00e1. En la actualidad, el mural est\u00e1 en el aula magna de la Facultad de Derecho, en Buenos Aires.<\/figcaption><\/figure>\n\n\n\n<p>Luego de la ansiada democracia, en 1983, se siguieron acompa\u00f1ando las acciones en Argentina en materia de Derechos Humanos (DDHH): trabajando con las Abuelas de Plaza de Mayo, declarando en los juicios de la Comisi\u00f3n Nacional sobre la Desaparici\u00f3n de Personas (CONADEP) y repudiando la amnist\u00eda decretada por Menem. Al mismo tiempo, seguimos individualmente integrando diferentes grupos pol\u00edticos, estudiantiles, sindicales y sociales. Entre nosotros, \u201cla familia extendida\u201d, nos junt\u00e1bamos para paseos, asados, lecturas de poes\u00eda y comentar nuestras experiencias, logros y frustraciones. Vimos a algunos volverse (des exiliarse), pero la mayor\u00eda persisti\u00f3 aqu\u00ed pendiente de lo que pasaba en Argentina y viendo c\u00f3mo colaborar.&nbsp;<\/p>\n\n\n\n<p>En 2006, nos volvimos a reunir un gran n\u00famero de argentinos, acompa\u00f1ados por otros grupos canadienses y latinoamericanos, por los treinta a\u00f1os del golpe militar<em>. <\/em>La prestigiosa Universidad de Toronto nos prest\u00f3 sus instalaciones para preparar y llevar adelante este evento. Coordinamos actividades con otros grupos de argentinos de las ciudades de Montreal, Quebec y Vancouver. Se organiz\u00f3 una mesa de discusiones, ciclos de cine y obras de teatro que daban cuenta de las injusticias sufridas durante la dictadura. La pared de una de las salas estaba cubierta por \u201cPoes\u00eda Diaria\u201d, un mural movible de la artista Virginia Gioannoni hecho con los recordatorios de los compa\u00f1eros desaparecidos publicados en <em>P\u00e1gina\/12<\/em>; fue presentado por la traductora Joan Lindgren. Adem\u00e1s, hab\u00eda un poster con los rostros de nuestros familiares desaparecidos. Ambos nos acompa\u00f1aron los ocho d\u00edas del evento, que concluy\u00f3 con un concierto de m\u00fasica popular a cargo de artistas del lugar. Asistieron casi trescientas personas diariamente.&nbsp;En esta semana y durante la organizaci\u00f3n previa para ese 24 de marzo de 2006, dejamos de ser \u201cel otro\u201d y nos volvimos a sentir parte de algo mucho mayor. Nos un\u00eda el objetivo de mantener la memoria viva, transmitir los horrores y vislumbrar como posibilidad la exigencia de justicia a trav\u00e9s del ejemplo de los organismos de DDHH en Argentina \u00a1NUNCA M\u00c1S! al abuso de poder de unos pocos, autoritarios y criminales.<\/p>\n\n\n\n<figure class=\"wp-block-image size-large margenFotos\"><img decoding=\"async\" width=\"800\" height=\"530\" data-src=\"https:\/\/nosotrasenlibertad.com\/libroweb\/wp-content\/uploads\/2021\/06\/Adriana-Spahr-Poster-de-familiares.jpg\" alt=\"\" class=\"wp-image-3725 lazyload\" data-srcset=\"https:\/\/nosotrasenlibertad.com\/libroweb\/wp-content\/uploads\/2021\/06\/Adriana-Spahr-Poster-de-familiares.jpg 800w, https:\/\/nosotrasenlibertad.com\/libroweb\/wp-content\/uploads\/2021\/06\/Adriana-Spahr-Poster-de-familiares-300x199.jpg 300w, https:\/\/nosotrasenlibertad.com\/libroweb\/wp-content\/uploads\/2021\/06\/Adriana-Spahr-Poster-de-familiares-768x509.jpg 768w\" data-sizes=\"(max-width: 800px) 100vw, 800px\" src=\"data:image\/svg+xml;base64,PHN2ZyB3aWR0aD0iMSIgaGVpZ2h0PSIxIiB4bWxucz0iaHR0cDovL3d3dy53My5vcmcvMjAwMC9zdmciPjwvc3ZnPg==\" style=\"--smush-placeholder-width: 800px; --smush-placeholder-aspect-ratio: 800\/530;\" \/><figcaption><em>30\u00b0 aniversario<\/em> (2006) De izquierda a derecha:&nbsp;Alberto Jos\u00e9 Munarriz, Hugo Rogelio Vocouber \u00c1lvarez, Lidia Beatriz De Marinis, Alejandro Daniel Veiga, Rolando El\u00edas Adem, Pedro Alberto Mendez, Oscar Miranda y \u00c1ngel Adolfo Mendez. Ellos son familiares de desaparecidos de residentes en Toronto.&nbsp;<\/figcaption><\/figure>\n\n\n\n<p>M\u00e1s recientemente, con la violaci\u00f3n de los DDHH durante el gobierno de Mauricio Macri, en agosto de 2017 un grupo de argentinos llevaron una carta al consulado argentino en Toronto pidiendo la aparici\u00f3n con vida de Santiago Maldonado. Meses antes, se hab\u00eda formado el Comit\u00e9 para la Liberaci\u00f3n de <span class=\"tool-tip\">Milagro Sala<span class=\"tool-tip-text\">Milagro Amalia \u00c1ngela Sala. Dirigente pol\u00edtica y social de la provincia de Jujuy. Lidera la organizaci\u00f3n barrial T\u00fapac Amaru e integra la Central de Trabajadores Argentinos (CTA). Detenida desde a\u00f1o 2016, es acusada por el gobierno provincial de diversos delitos que aun no tienen sentencia firme. <\/span><\/span> y los dem\u00e1s miembros de la organizaci\u00f3n T\u00fapac Amaru, en Jujuy (2016). Con el auspicio y la financiaci\u00f3n de este comit\u00e9, un grupo de juristas canadienses fue a colaborar con los organismos encargados de velar por el estado de Milagro y de sus otros compa\u00f1eros y compa\u00f1eras detenidos.<\/p>\n\n\n\n<p>Muchos cambios ocurrieron a nivel nacional, internacional y en lo personal, desde que los exiliados por cuestiones pol\u00edticas llegamos a Toronto, antes de la vuelta a la democracia en el pa\u00eds. Para muchos que optamos por quedarnos en Canad\u00e1, nuestra familia extendida sigui\u00f3 formada por esos argentinos organizadores de las primeras campa\u00f1as y los exiliados que nos fuimos agregando. Ellos son parte de nuestra vida diaria. Juntos aprendimos a absorber esta realidad diferente y sobrevivir exitosamente. No fue f\u00e1cil, pero logramos nuestros objetivos y alg\u00fan grado de reconocimiento en esta sociedad. Nos mantenemos vinculados con nuestras ra\u00edces y conservamos nuestro sentido solidario, fieles a los ideales de la juventud. Nos movemos en dos realidades paralelas y circulares: Canad\u00e1 y Argentina. <\/p>\n\n\n\n<p>No dejamos a\u00fan de comparar el all\u00e1 con el ac\u00e1. Y esto tiene un punto muy rescatable: nos ha permitido ver que no hay pa\u00eds perfecto en el planeta. El primer mundo est\u00e1 formado tambi\u00e9n de injusticias sociales, conveniente y efectivamente escondidas, m\u00e1s a\u00fan en esta etapa del capitalismo neoliberal a ultranza.<\/p>\n\n\n\n<p>En lo personal, a m\u00e1s de tres d\u00e9cadas y media, no consigo dejar de sentir que soy \u201cese otro\u201d, cuyas opiniones se desestiman porque el acento avisa que no es de aqu\u00ed; un sentimiento que persiste cuando estoy en Argentina a pesar del caluroso recibimiento que siempre encuentro \u00a1Qu\u00e9 raz\u00f3n tuvo mi madre!, \u201cel que se va, no vuelve\u201d. O, como dice Facundo Cabral, no somos de aqu\u00ed ni somos de all\u00e1. Pero sigo intentando.<\/p>\n","protected":false},"excerpt":{"rendered":"<p>\u201cEl que se va no vuelve\u201d, sentenci\u00f3 mi mam\u00e1 cuando le dije que me ir\u00eda del pa\u00eds. Era una soluci\u00f3n justa para frenar los continuos abusos a mi familia por parte de la fuerza de seguridad durante mi libertad vigilada y despu\u00e9s. Con cuatro posibilidades, decid\u00ed que Canad\u00e1 era el lugar que nos calmar\u00eda a [&hellip;]<\/p>\n","protected":false},"author":1,"featured_media":1695,"comment_status":"closed","ping_status":"open","sticky":false,"template":"single-mundo.php","format":"standard","meta":{"_acf_changed":false,"footnotes":""},"categories":[10,3],"tags":[30,26],"class_list":["post-67","post","type-post","status-publish","format-standard","has-post-thumbnail","hentry","category-canada","category-por-el-mundo","tag-derechos-humanos","tag-exilio"],"acf":[],"_links":{"self":[{"href":"https:\/\/nosotrasenlibertad.com\/libroweb\/wp-json\/wp\/v2\/posts\/67","targetHints":{"allow":["GET"]}}],"collection":[{"href":"https:\/\/nosotrasenlibertad.com\/libroweb\/wp-json\/wp\/v2\/posts"}],"about":[{"href":"https:\/\/nosotrasenlibertad.com\/libroweb\/wp-json\/wp\/v2\/types\/post"}],"author":[{"embeddable":true,"href":"https:\/\/nosotrasenlibertad.com\/libroweb\/wp-json\/wp\/v2\/users\/1"}],"replies":[{"embeddable":true,"href":"https:\/\/nosotrasenlibertad.com\/libroweb\/wp-json\/wp\/v2\/comments?post=67"}],"version-history":[{"count":37,"href":"https:\/\/nosotrasenlibertad.com\/libroweb\/wp-json\/wp\/v2\/posts\/67\/revisions"}],"predecessor-version":[{"id":13893,"href":"https:\/\/nosotrasenlibertad.com\/libroweb\/wp-json\/wp\/v2\/posts\/67\/revisions\/13893"}],"wp:featuredmedia":[{"embeddable":true,"href":"https:\/\/nosotrasenlibertad.com\/libroweb\/wp-json\/wp\/v2\/media\/1695"}],"wp:attachment":[{"href":"https:\/\/nosotrasenlibertad.com\/libroweb\/wp-json\/wp\/v2\/media?parent=67"}],"wp:term":[{"taxonomy":"category","embeddable":true,"href":"https:\/\/nosotrasenlibertad.com\/libroweb\/wp-json\/wp\/v2\/categories?post=67"},{"taxonomy":"post_tag","embeddable":true,"href":"https:\/\/nosotrasenlibertad.com\/libroweb\/wp-json\/wp\/v2\/tags?post=67"}],"curies":[{"name":"wp","href":"https:\/\/api.w.org\/{rel}","templated":true}]}}