{"id":711,"date":"2021-04-13T21:27:57","date_gmt":"2021-04-13T21:27:57","guid":{"rendered":"https:\/\/nosotrasenlibertad.com\/libroweb\/?p=711"},"modified":"2021-10-23T00:01:07","modified_gmt":"2021-10-23T00:01:07","slug":"maria-luisa-martinez-partera","status":"publish","type":"post","link":"https:\/\/nosotrasenlibertad.com\/libroweb\/maria-luisa-martinez-partera\/","title":{"rendered":"Mar\u00eda Luisa Mart\u00ednez, partera"},"content":{"rendered":"\n<p class=\"has-text-align-right\"><em>\u201cLa memoria es sobre todo, dicen nuestros m\u00e1s primeros,&nbsp;una poderosa vacuna contra la muerte&nbsp;y alimento indispensable para la vida\u201d.<\/em><br>Subcomandante Marcos.<\/p>\n\n\n\n<div style=\"height:50px\" aria-hidden=\"true\" class=\"wp-block-spacer\"><\/div>\n\n\n\n<p><\/p>\n\n\n\n<p>Cuando me detuvieron en mi casa de Quilmes, junto con dos compa\u00f1eras, era julio del &#8217;75. Mar\u00eda Luisa, mi mam\u00e1, estaba presente y quiso entrar en el auto con nosotras. Est\u00e1bamos rodeadas por hombres de civil con armas largas. No se lo permitieron, por supuesto. Pero su gesto no me sorprendi\u00f3. Conoc\u00eda bien su solidaridad y su decisi\u00f3n. A partir de ese d\u00eda ella se hizo cargo de mis hijos de cinco y dos a\u00f1os, de las gestiones por mi libertad y la de mi compa\u00f1ero y de relacionarse con otros familiares de presos pol\u00edticos. Adem\u00e1s, realizaba su guardia semanal de 24 horas como partera, en la Maternidad del hospital de Quilmes. Jam\u00e1s faltaba a ninguna visita, tanto en la c\u00e1rcel de Olmos como en la de Villa Devoto. Me llevaba a los chicos y me daba aliento y esperanza.&nbsp;<\/p>\n\n\n\n<p>Pero en abril de 1977 en lugar de venir ella a la visita vino mi pap\u00e1, que no lo hac\u00eda casi nunca. Tanto me alegr\u00f3 verlo que no me cuestion\u00e9 su explicaci\u00f3n de que mam\u00e1 estaba con un ataque al h\u00edgado. Lo mismo ocurri\u00f3 la semana siguiente, lo cual ya me preocup\u00f3. Pronto las otras madres trajeron la noticia temida: a mi mam\u00e1 la hab\u00edan secuestrado los militares.<\/p>\n\n\n\n<p>Cuando&nbsp;poco despu\u00e9s mi padre lo confirm\u00f3 fue como si la tierra se desmoronara abruptamente bajo mis pies. \u00c9l presentaba Habeas Corpus y ten\u00eda la esperanza de que apareciera pero yo sab\u00eda que no iba a ocurrir. Angustia, impotencia, dolor. Y culpa. Sobre todo culpa. Nadie sab\u00eda por qu\u00e9 la hab\u00edan llevado, as\u00ed que yo lo relacion\u00e9 con mi propia situaci\u00f3n de presa pol\u00edtica. Mis compa\u00f1eras fueron el soporte decisivo, con su afecto, calidez y fortaleza, para que yo pudiera sobreponerme a ese mazazo brutal y afrontara la situaci\u00f3n. Se lo deb\u00eda a mis hijos, a\u00fan tan peque\u00f1os, a mi padre y a mi compa\u00f1ero. Pero por sobre todo se lo deb\u00eda a mam\u00e1. Era necesario salir entera para encontrarla.<\/p>\n\n\n\n<p>Me dieron la <span class=\"tool-tip\">libertad vigilada<span class=\"tool-tip-text\">R\u00e9gimen de libertad con controles peri\u00f3dicos ante la pol\u00edcia local a los que fueron sometidos los presos pol\u00edticos a disposici\u00f3n del Poder Ejecutivo Nacional (PEN).<\/span><\/span> en agosto de 1980. Volv\u00ed a mi casa de Quilmes ansiosa por reparar la relaci\u00f3n con mis hijos y mi compa\u00f1ero, sostener a mi padre y, sobre todo, averiguar qu\u00e9 le hab\u00edan hecho a mam\u00e1. Ya en los \u00faltimos a\u00f1os de c\u00e1rcel hab\u00eda podido determinar que su secuestro no ten\u00eda relaci\u00f3n conmigo sino que se deb\u00eda a su labor como partera en el hospital de Quilmes, de modo que hacia all\u00ed encamin\u00e9 mis esfuerzos.&nbsp;<\/p>\n\n\n\n<p><strong>Los hechos<\/strong><\/p>\n\n\n\n<p>El 1 de abril de 1977 el m\u00e9dico policial Berg\u00e9s lleva a la Maternidad a una joven&nbsp;que ten\u00edan secuestrada en el centro clandestino llamado Pozo de Quilmes. Estaba fuertemente custodiada, pero durante la madrugada del d\u00eda 2, despu\u00e9s del parto, logr\u00f3 gritar su nombre, Silvia Isabella Valenzi, y el domicilio de su familia en La Plata. Mar\u00eda Luisa no estaba de guardia ese d\u00eda pero alguien la escuch\u00f3 y, por la ma\u00f1ana, le pas\u00f3 esos datos. Ese mismo d\u00eda, tomando muchas precauciones -porque no ignora los riesgos- escribi\u00f3 una carta y le pidi\u00f3 a mi suegra, Ema Salas de Ciavaglia, que la despachara desde otra localidad. As\u00ed, la mam\u00e1&nbsp;de Silvia recibi\u00f3 la noticia de que hab\u00eda nacido su nieta Rosita. Pero cuando Rosario Isabella Valenzi fue al hospital todos negaron que el parto hubiera ocurrido all\u00ed. Intervino entonces una enfermera, Generosa Fratassi, que le mostr\u00f3 el Libro de Partos donde estaba tachado el nombre de Silvia y arriba hab\u00edan escrito burdamente \u201cNN\u201d. La llev\u00f3 a la oficina del director de hospital, pero tambi\u00e9n neg\u00f3 todo.&nbsp;<\/p>\n\n\n\n<p><strong>Las siniestras consecuencias<\/strong><\/p>\n\n\n\n<p>La dictadura genocida estaba ya implementando su inhumano plan sistem\u00e1tico de apropiaci\u00f3n de beb\u00e9s, de modo que un acto de tan elemental solidaridad humana no era admisible para su maquinaria del terror. La noche del 7 de abril, con gran despliegue de hombres y armas, irrumpieron en la casa de mis padres y sin explicaciones se llevaron a Mar\u00eda Luisa. Solo le preguntaron si trabajaba en el hospital de Quilmes. A mi pap\u00e1, Ram\u00f3n, lo encerraron en el ba\u00f1o. Una semana despu\u00e9s, el d\u00eda 14, secuestraron a Generosa, conocida por todos como Marcela, en la puerta misma del hospital. En el informe elaborado por la Comisi\u00f3n Nacional sobre la Desaparici\u00f3n de Personas (<span class=\"tool-tip\">CONADEP<span class=\"tool-tip-text\">Comisi\u00f3n Nacional de Desaparici\u00f3n de Personas creada durante el gobierno de Ra\u00fal Alfons\u00edn en 1984. Fue conformada por personalidades de diferentes \u00e1mbitos y espacios pol\u00edticos. Present\u00f3 el informe Nunca M\u00e1s. <\/span><\/span>) y publicado con el t\u00edtulo <span class=\"tool-tip\">Nunca M\u00e1s<span class=\"tool-tip-text\">Informe producido por la Comisi\u00f3n Nacional de Desaparici\u00f3n de Personas (CONADEP) que dio cuenta del accionar del terrorismo de Estado en la Argentina.<\/span><\/span>, en 1984, figura todo este episodio y est\u00e1 ampliamente documentado.&nbsp;<\/p>\n\n\n\n<p><strong>La Justicia: juicio a las Juntas Militares<\/strong><\/p>\n\n\n\n<p>Con toda la evidencia volcada en el informe de la CONADEP, se inici\u00f3 el 22 de abril del &#8217;85 el juicio a las Juntas Militares. Yo concurr\u00ed a prestar testimonio el 30 de abril para aportar todo lo que me hab\u00eda contado mi padre ya fallecido. Tambi\u00e9n declararon la mam\u00e1 de Generosa y la de Silvia Isabella Valenzi. En esa ocasi\u00f3n el pediatra que atendi\u00f3 a Rosita testific\u00f3 que hab\u00eda muerto al nacer por haber sido un parto prematuro. La familia, sin embargo, tiene dudas y sigue buscando a Rosita.<\/p>\n\n\n\n<p>El juicio finaliz\u00f3 en diciembre con la condena a reclusi\u00f3n perpetua por cr\u00edmenes de <span class=\"tool-tip\">Lesa Humanidad<span class=\"tool-tip-text\">Se consideran cr\u00edmenes de lesa humanidad a aquellos delitos especialmente atroces y de car\u00e1cter inhumano, que forman parte de un ataque generalizado o sistem\u00e1tico contra una poblaci\u00f3n civil, cometidos para aplicar las pol\u00edticas de un Estado o una organizaci\u00f3n. Son imprescriptibles debido a su gravedad.<\/span><\/span> a los principales responsables, <span class=\"tool-tip\">Videla<span class=\"tool-tip-text\">(1925-2013). Jorge Rafael. Dictador y genocida, condenado varias veces por delitos de Lesa Humanidad. Presidente de facto argentino entre 1976 y 1981.<\/span><\/span> y <span class=\"tool-tip\">Massera<span class=\"tool-tip-text\">(1925-2010). Emilio Eduardo Massera. Comandante de la Armada, miembro de la Junta Militar que gobern\u00f3 de facto entre 1976 y 1978. Durante el Juicio a las Juntas fue condenado a cadena perpetua por delitos de Lesa Humanidad. En el a\u00f1o 2010, la Corte Suprema de Justicia resolvi\u00f3 que el Indulto otorgado por el entonces Presidente Carlos Sa\u00fal Menem quedaba sin efecto.  <\/span><\/span>.<\/p>\n\n\n\n<p><strong>La Justicia. Juicio a los asesinos directos<\/strong><\/p>\n\n\n\n<p>Pero a\u00fan era necesario encontrar a mam\u00e1, saber qu\u00e9 hab\u00edan hecho con ella y conocer qui\u00e9nes fueron, para poder juzgarlos tambi\u00e9n. Despu\u00e9s de mi declaraci\u00f3n encontr\u00e9 a dos personas que la hab\u00edan visto en el centro clandestino <span class=\"tool-tip\">El Vesubio<span class=\"tool-tip-text\">El Vesubio fue un centro clandestino de detenci\u00f3n, en Argentina, utilizado por el Ej\u00e9rcito que estaba ubicado en la localidad de Aldo Bonzi , en el Gran Buenos Aires. \u00abEmpresa El Vesubio\u00bb era el nombre clave que utilizaban para referirse al mismo las fuerzas represivas. Comenz\u00f3 a funcionar en 1975, siendo utilizado por la Alianza Anticomunista Argentina (AAA), antes del golpe de Estado, con el nombre de \u00abLa Ponderosa\u00bb y dej\u00f3 de funcionar en 1978.<\/span><\/span>. Me incorpor\u00e9 al grupo de familiares y gracias a los sobrevivientes identificamos a muchos torturadores y verdugos, pero fue necesario esperar hasta el gobierno de <span class=\"tool-tip\">N\u00e9stor Kirchner<span class=\"tool-tip-text\">(1950-2010). N\u00e9stor Carlos KIrchner. Abogado y pol\u00edtico peronista. Diputado, gobernador de la provincia de Santa Cruz y presidente de la Naci\u00f3n entre 2003 y 2007. Revaloriz\u00f3 la pol\u00edtica como herramienta de transformaci\u00f3n y dio un fuerte impulso a las pol\u00edticas de Derechos Humanos.<\/span><\/span> -que derog\u00f3 las <span class=\"tool-tip\">leyes de Impunidad<span class=\"tool-tip-text\">Se refiere a la Ley N\u00b0 23.521 de Obediencia de Vida de 1987, que impidi\u00f3 juzgar a militares por considerar que obedec\u00edan \u00f3rdenes superiores. Y a la Ley  N\u00b0 23.492 de Punto Final de 1986, que establec\u00eda la caducidad de la acci\u00f3n penal contra los responsables de desaparici\u00f3n forzada de personas.<\/span><\/span> y recogi\u00f3 los reclamos de Madres y Abuelas de Plaza de Mayo- para impulsar los <span class=\"tool-tip\">juicios de Lesa Humanidad<span class=\"tool-tip-text\">Procesos judiciales contra los militares de la \u00faltima dictadura c\u00edvico militar por violaciones a los DDHH, iniciados a partir del gobierno del presidente N\u00e9stor Kirchner en 2003.<\/span><\/span>.<\/p>\n\n\n\n<p>En 2010 el Equipo Argentino de Antropolog\u00eda Forense (EAAF) identific\u00f3 por el ADN los restos de mi mam\u00e1 en una fosa com\u00fan del cementerio de Lomas de Zamora. La hab\u00edan asesinado con dos disparos, el 28 de abril,&nbsp;a veinte d\u00edas del secuestro. Poco antes hab\u00eda sido encontrada tambi\u00e9n Generosa Fratassi. Ese mismo a\u00f1o, en octubre, prest\u00e9 declaraci\u00f3n en el juicio a los torturadores de El Vesubio en el Tribunal Oral N\u00ba4. No estaban a\u00fan acusados de asesinato y sent\u00ed que fue muy reparador entregarle al juez el documento del EAAF que identificaba a Mar\u00eda Luisa Mart\u00ednez para que se agregara a la car\u00e1tula el cargo de <a href=\"http:\/\/www.derechos.org\/nizkor\/arg\/causa13\/casos\/caso007.html\">Homicidio<\/a>. Esto, junto con otros casos incorporados despu\u00e9s, posibilit\u00f3 que se los condenara a prisi\u00f3n perpetua en diciembre de ese a\u00f1o.<\/p>\n\n\n\n<figure class=\"wp-block-image size-full mf\"><img decoding=\"async\" width=\"800\" height=\"707\" data-src=\"https:\/\/nosotrasenlibertad.com\/libroweb\/wp-content\/uploads\/2021\/07\/Maria-Leonor-Gonzalez.jpg\" alt=\"\" class=\"wp-image-10495 lazyload\" data-srcset=\"https:\/\/nosotrasenlibertad.com\/libroweb\/wp-content\/uploads\/2021\/07\/Maria-Leonor-Gonzalez.jpg 800w, https:\/\/nosotrasenlibertad.com\/libroweb\/wp-content\/uploads\/2021\/07\/Maria-Leonor-Gonzalez-768x679.jpg 768w\" data-sizes=\"(max-width: 800px) 100vw, 800px\" src=\"data:image\/svg+xml;base64,PHN2ZyB3aWR0aD0iMSIgaGVpZ2h0PSIxIiB4bWxucz0iaHR0cDovL3d3dy53My5vcmcvMjAwMC9zdmciPjwvc3ZnPg==\" style=\"--smush-placeholder-width: 800px; --smush-placeholder-aspect-ratio: 800\/707;\" \/><\/figure>\n\n\n\n<p><strong>La Memoria<\/strong><\/p>\n\n\n\n<p>Desde siempre los seres humanos hemos necesitado la despedida y el duelo para afrontar la muerte. Por eso, mantener oculto el&nbsp; destino y el paradero de sus v\u00edctimas es de una perversidad inhumana. Cuando el 11 de diciembre de 2010 llevamos a Mar\u00eda Luisa al cementerio de Quilmes, junto con numerosos familiares, compa\u00f1eros y amigos, para compartir un oficio religioso y darle sepultura, sentimos que hab\u00edamos obtenido una victoria sobre el odio y el horror. <\/p>\n\n\n\n<p>Pero justo es se\u00f1alar que la memoria de Mar\u00eda Luisa fue honrada desde mucho antes, en cada fecha significativa y en diversos lugares. En su pueblo de origen, Coronel Pringles, Buenos Aires, un Paseo de la Memoria entre hermosos \u00e1rboles plantados por familiares, y una baldosa en su casa natal, colocada por <span class=\"tool-tip\">J\u00f3venes y Memoria<span class=\"tool-tip-text\">Iniciativa de la Comisi\u00f3n Provincial por la Memoria. Es una experiencia educativa que desde 2002 impulsa proyectos de investigaci\u00f3n sobre las memorias del Terrorismo de Estado. <\/span><\/span>, la recuerdan. Adem\u00e1s, en la entrada de la Maternidad, donde varias placas de a\u00f1os sucesivos se\u00f1alan el homenaje para ella y para Generosa, como tambi\u00e9n en otros espacios del hospital. Algunas calles de nuevos barrios populares de Quilmes llevan los nombres de Mar\u00eda Luisa Mart\u00ednez y de Generosa Fratassi. Un centro de estudios de tem\u00e1ticas femeninas de Quilmes lleva tambi\u00e9n su nombre, es el Centro de Estudios Mar\u00eda Luisa Mart\u00ednez (<span class=\"tool-tip\">CEMLM<span class=\"tool-tip-text\">Centro de Estudios de Tem\u00e1ticas Feministas de la localidad bonaerense de Quilmes.<\/span><\/span>), que fue creado por la soci\u00f3loga Cristina Andreu, que siempre encontr\u00f3 inspiradora la figura de mi madre. En la Plaza de los Pa\u00f1uelos, del Centro C\u00edvico de Bariloche, donde vivo en la actualidad, todos los a\u00f1os repintamos sus nombres en los pa\u00f1uelos blancos de las Madres en compa\u00f1\u00eda de mis hijos y mis nietas.&nbsp;<\/p>\n\n\n\n<p>Haber encontrado a mi madre, poder sepultarla y presenciar la condena de sus verdugos,&nbsp;hechos tan esperados y&nbsp;relevantes para m\u00ed, no tienen solo un valor personal. Se enmarcan en la gesta colectiva del pueblo argentino para construir la Memoria, revelar la Verdad e instaurar la Justicia, tareas permanentes que requieren el constante apoyo a los organismos de Derechos Humanos (DDHH) con los cuales contin\u00fao trabajando.<\/p>\n\n\n\n<p><\/p>\n","protected":false},"excerpt":{"rendered":"<p>\u201cLa memoria es sobre todo, dicen nuestros m\u00e1s primeros,&nbsp;una poderosa vacuna contra la muerte&nbsp;y alimento indispensable para la vida\u201d.Subcomandante Marcos. Cuando me detuvieron en mi casa de Quilmes, junto con dos compa\u00f1eras, era julio del &#8217;75. Mar\u00eda Luisa, mi mam\u00e1, estaba presente y quiso entrar en el auto con nosotras. Est\u00e1bamos rodeadas por hombres de [&hellip;]<\/p>\n","protected":false},"author":1,"featured_media":1696,"comment_status":"closed","ping_status":"open","sticky":false,"template":"single-andes.php","format":"standard","meta":{"_acf_changed":false,"footnotes":""},"categories":[5],"tags":[30],"class_list":["post-711","post","type-post","status-publish","format-standard","has-post-thumbnail","hentry","category-de-la-cordillera-al-atlantico","tag-derechos-humanos"],"acf":[],"_links":{"self":[{"href":"https:\/\/nosotrasenlibertad.com\/libroweb\/wp-json\/wp\/v2\/posts\/711","targetHints":{"allow":["GET"]}}],"collection":[{"href":"https:\/\/nosotrasenlibertad.com\/libroweb\/wp-json\/wp\/v2\/posts"}],"about":[{"href":"https:\/\/nosotrasenlibertad.com\/libroweb\/wp-json\/wp\/v2\/types\/post"}],"author":[{"embeddable":true,"href":"https:\/\/nosotrasenlibertad.com\/libroweb\/wp-json\/wp\/v2\/users\/1"}],"replies":[{"embeddable":true,"href":"https:\/\/nosotrasenlibertad.com\/libroweb\/wp-json\/wp\/v2\/comments?post=711"}],"version-history":[{"count":70,"href":"https:\/\/nosotrasenlibertad.com\/libroweb\/wp-json\/wp\/v2\/posts\/711\/revisions"}],"predecessor-version":[{"id":14090,"href":"https:\/\/nosotrasenlibertad.com\/libroweb\/wp-json\/wp\/v2\/posts\/711\/revisions\/14090"}],"wp:featuredmedia":[{"embeddable":true,"href":"https:\/\/nosotrasenlibertad.com\/libroweb\/wp-json\/wp\/v2\/media\/1696"}],"wp:attachment":[{"href":"https:\/\/nosotrasenlibertad.com\/libroweb\/wp-json\/wp\/v2\/media?parent=711"}],"wp:term":[{"taxonomy":"category","embeddable":true,"href":"https:\/\/nosotrasenlibertad.com\/libroweb\/wp-json\/wp\/v2\/categories?post=711"},{"taxonomy":"post_tag","embeddable":true,"href":"https:\/\/nosotrasenlibertad.com\/libroweb\/wp-json\/wp\/v2\/tags?post=711"}],"curies":[{"name":"wp","href":"https:\/\/api.w.org\/{rel}","templated":true}]}}