{"id":714,"date":"2021-04-13T21:32:24","date_gmt":"2021-04-13T21:32:24","guid":{"rendered":"https:\/\/nosotrasenlibertad.com\/libroweb\/?p=714"},"modified":"2021-10-05T23:35:29","modified_gmt":"2021-10-05T23:35:29","slug":"ampliar-el-circulo","status":"publish","type":"post","link":"https:\/\/nosotrasenlibertad.com\/libroweb\/ampliar-el-circulo\/","title":{"rendered":"Ampliar el c\u00edrculo"},"content":{"rendered":"\n<p><\/p>\n\n\n\n<p>1980. La dicha de recuperar la libertad, con sus abrazos interminables, se mezclaba sostenidamente con la agobiante soledad de las ausencias. Las de mis <em>compas<\/em> hermanxs arrebatadxs para siempre y las de compa\u00f1eras que hab\u00edan quedado, qui\u00e9n sab\u00eda hasta cu\u00e1ndo.&nbsp;&nbsp;<\/p>\n\n\n\n<p>En un entorno de clase media de una provincia conservadora, casi feudal, el presente se configuraba como un enorme desaf\u00edo a la hora de&nbsp;pensar en proyectos colectivos, disput\u00e1ndole a la nostalgia de la esperanza interrumpida y a la pelea casi solitaria contra las marcas de la crueldad.<\/p>\n\n\n\n<p>Formalmente inhabilitada para iniciar estudios o trabajos que ampliaran mi horizonte era un contexto de&nbsp;pocos e incondicionales apoyos amorosos, de no muchas manos tendidas,&nbsp;en silencio y de abundantes miradas esquivas.&nbsp;<\/p>\n\n\n\n<p>\u201c\u00a1Por fin una mina que piensa!\u201d, fue la frase que balbuce\u00f3 en aquel primer encuentro quien se convertir\u00eda en mi compa\u00f1ero de sue\u00f1os y proyectos,&nbsp;que sostuvimos, no sin dificultades, desde entonces.&nbsp;<\/p>\n\n\n\n<p>Formar con \u00e9l una familia era la mejor apuesta colectiva, donde construir amor y solidaridad. Emprendimos con apuro, ilusi\u00f3n y convicci\u00f3n nuestro proyecto de familia numerosa. Fueron a\u00f1os laboriosos, divertidos, sacrificados y repletos de emociones.&nbsp;<\/p>\n\n\n\n<p>Maternar con cuatro hijxs fue mi elecci\u00f3n, iniciando de este modo un nuevo camino de militancia por la vida. Conciliar miradas, criterios y visiones del pasado, del presente y del futuro no result\u00f3 sencillo. Pero prevaleci\u00f3 el anhelo de que en nuestro peque\u00f1o mundo&nbsp;se anidara compromiso con \u201cel otro\u201d,&nbsp; sensibilidad ante la injusticia y,&nbsp;en lo posible, renuncia a la resignaci\u00f3n. En nuestro cotidiano y desde lo peque\u00f1o procuramos sembrar la idea de que \u201cconstruir otro mundo, es posible\u201d.&nbsp;<\/p>\n\n\n\n<p>El 2001, con tanta desigualdad explicitada, me sacudi\u00f3 \u00edntimamente.&nbsp;Era imperativo aportar parte de mi tiempo a alg\u00fan espacio&nbsp;colectivo y comenc\u00e9 a brindar apoyo escolar en un centro de ni\u00f1as, ni\u00f1os y adolescentes que carec\u00edan de otras posibilidades. Fue una experiencia que me interpel\u00f3, me aproxim\u00f3 a otros dolores y carencias y reaviv\u00f3 mi necesidad de activar socialmente.<\/p>\n\n\n\n<p>En la provincia, paralelamente, se fue haciendo cada vez m\u00e1s visible la permanencia y continuidad en sus funciones de&nbsp;los m\u00e1ximos responsables de la represi\u00f3n. Estall\u00f3 el pedido de justicia por el llamado \u201cDoble crimen de la D\u00e1rsena\u201d que acab\u00f3 con la vida de dos j\u00f3venes a manos del principal responsable de los cr\u00edmenes de la dictadura. Por primera vez las calles de Santiago nos vieron marchar con la bandera con&nbsp;fotos de nuesrtxs desaparecidxs y los rostros de la gente, al vernos pasar, se te\u00f1\u00edan de estupor.<\/p>\n\n\n\n<p>Se gest\u00f3 de ese modo un nuevo movimiento de Derechos Humanos (DDHH) que, con la ca\u00edda del \u201cjuarismo\u201d y la llegada del kirchnerismo a trav\u00e9s de una intervenci\u00f3n federal, abri\u00f3 una nueva agenda y casi el nacimiento de nuestra incipiente democracia con veinte a\u00f1os de retraso respecto de la pol\u00edtica nacional.<\/p>\n\n\n\n<p>En ese marco ingres\u00e9 en la Secretar\u00eda de DDHH de la provincia y desde all\u00ed comenz\u00f3 un esmerado proceso de construcci\u00f3n colectiva para&nbsp;gestionar actividades de transmisi\u00f3n&nbsp;de memorias, comprendiendo la necesidad de&nbsp;generar espacios de formaci\u00f3n y debate para que otros y otras se pudieran apropiar de nuestro pasado reciente. \u201cAmpliar el c\u00edrculo de los que recuerdan\u201d era nuestro desaf\u00edo. Con esa preocupaci\u00f3n conocimos el programa \u201c<span class=\"tool-tip\">J\u00f3venes y Memoria<span class=\"tool-tip-text\">Iniciativa de la Comisi\u00f3n Provincial por la Memoria. Es una experiencia educativa que desde 2002 impulsa proyectos de investigaci\u00f3n sobre las memorias del Terrorismo de Estado. <\/span><\/span, recordamos para el futuro\u201d, desarrollado por la Comisi\u00f3n Provincial por la Memoria (CPM) y nos enamoramos de \u00e9l.<\/p>\n\n\n\n<p>Convocar a adolescentes&nbsp;para que, acompa\u00f1adxs por sus<em> profes<\/em>, indagaran en las historias de sus comunidades nos ofrec\u00eda y ofrece la posibilidad de propiciar, desde un espacio institucional, que pudieran interrogarse acerca de su presente. El programa es una invitaci\u00f3n a la&nbsp;participaci\u00f3n, a conocer historias de militancia, de resistencia, de organizaci\u00f3n popular, interrogando al pasado, para poder comprender las complejidades de la democracia y alimentar la esperanza de que un futuro m\u00e1s justo y solidario solo ser\u00e1 posible si lo construimos entre todxs.<\/p>\n\n\n\n<figure class=\"wp-block-image size-full imgFloat\"><img decoding=\"async\" width=\"600\" height=\"800\" data-src=\"https:\/\/nosotrasenlibertad.com\/libroweb\/wp-content\/uploads\/2021\/07\/Maria-Susana-Habra.jpg\" alt=\"\" class=\"wp-image-10414 lazyload\" src=\"data:image\/svg+xml;base64,PHN2ZyB3aWR0aD0iMSIgaGVpZ2h0PSIxIiB4bWxucz0iaHR0cDovL3d3dy53My5vcmcvMjAwMC9zdmciPjwvc3ZnPg==\" style=\"--smush-placeholder-width: 600px; --smush-placeholder-aspect-ratio: 600\/800;\" \/><\/figure>\n\n\n\n<p>En cada uno de estos diez a\u00f1os de recorrido en nuestra provincia, lxs j\u00f3venes eligieron tem\u00e1ticas variadas que sin dudas les atraviesan en&nbsp;su d\u00eda a d\u00eda. Al finalizar el proceso de investigaci\u00f3n, compart\u00edan con sus pares las reflexiones que les disparaba cada entrevista y cada debate que abordaron para concretar su producci\u00f3n.&nbsp;<\/p>\n\n\n\n<p>Las biograf\u00edas de nuestrxs hermanxs desaparecidxs se van transformando&nbsp;en murales y videos. Los conflictos de tierras o la explotaci\u00f3n laboral, en canciones u obras de teatro. El dolor por alg\u00fan compa\u00f1ero de curso que debi\u00f3 ausentarse para trabajar como pe\u00f3n golondrina se historiz\u00f3 y fue canci\u00f3n. La escasez de agua se relat\u00f3 en revistas y muestras fotogr\u00e1ficas.&nbsp;La historia de alg\u00fan ex combatiente de Las Malvinas, desconocida en su pueblo, devino en placa de homenaje en la pared de un colegio y el solitario vecino, pudo, entonces,&nbsp; compartir sus recuerdos atesorados en soledad \u201cluego de estar casi treinta a\u00f1os sin que nadie golpeara las manos en su rancho\u201d. Testimonios de violencia de g\u00e9nero,&nbsp;relatos de episodios de violencia policial o de discriminaci\u00f3n nos encontraron hermanadxs en&nbsp; abrazos emocionados de dolor compartido.<\/p>\n\n\n\n<p>Algunos a\u00f1os pudimos participar en los cierres del programa en Chapadmalal, con miles de j\u00f3venes de la provincia de Buenos Aires y algunas otras localidades en las que tambi\u00e9n se desarrolla<em> <\/em>\u201cJ\u00f3venes y Memoria\u201d. Estremece recordar la carita de lxs chicxs que nunca hab\u00edan visto el mar, no solo porque nos encontramos a m\u00e1s de mil kil\u00f3metros, sino porque en algunos casos ni siquiera conoc\u00edan la capital de nuestra provincia.&nbsp;<\/p>\n\n\n\n<p>\u201cNo sab\u00eda que se pod\u00eda ser tan feliz\u201d o \u201cfue la experiencia m\u00e1s feliz de mi vida\u201d, son algunas de las frases que nos devolvieron en estos a\u00f1os. Son los empujones para seguir poniendo nuestra mente y nuestro coraz\u00f3n en este desaf\u00edo, con la ilusi\u00f3n de&nbsp; que muchxs adolescentes conozcan nuestra historia,&nbsp;sepan que tantos y tantas entregaron lo mejor de s\u00ed por un mundo m\u00e1s humano y se sientan convocadxs a so\u00f1ar con otrxs, para que nunca m\u00e1s se nos muera la sonrisa.<\/p>\n\n\n\n<p>Por nuestrxs 30.000&nbsp;y por todos los duendes que empujan nuestros sue\u00f1os \u00a1No nos han vencido!&nbsp;&nbsp;&nbsp;&nbsp;&nbsp;&nbsp;&nbsp;&nbsp;&nbsp;<\/p>\n","protected":false},"excerpt":{"rendered":"<p>1980. La dicha de recuperar la libertad, con sus abrazos interminables, se mezclaba sostenidamente con la agobiante soledad de las ausencias. Las de mis compas hermanxs arrebatadxs para siempre y las de compa\u00f1eras que hab\u00edan quedado, qui\u00e9n sab\u00eda hasta cu\u00e1ndo.&nbsp;&nbsp; En un entorno de clase media de una provincia conservadora, casi feudal, el presente se [&hellip;]<\/p>\n","protected":false},"author":1,"featured_media":1814,"comment_status":"closed","ping_status":"open","sticky":false,"template":"single-andes.php","format":"standard","meta":{"_acf_changed":false,"footnotes":""},"categories":[5],"tags":[29,30],"class_list":["post-714","post","type-post","status-publish","format-standard","has-post-thumbnail","hentry","category-de-la-cordillera-al-atlantico","tag-actividad-comunitaria","tag-derechos-humanos"],"acf":[],"_links":{"self":[{"href":"https:\/\/nosotrasenlibertad.com\/libroweb\/wp-json\/wp\/v2\/posts\/714","targetHints":{"allow":["GET"]}}],"collection":[{"href":"https:\/\/nosotrasenlibertad.com\/libroweb\/wp-json\/wp\/v2\/posts"}],"about":[{"href":"https:\/\/nosotrasenlibertad.com\/libroweb\/wp-json\/wp\/v2\/types\/post"}],"author":[{"embeddable":true,"href":"https:\/\/nosotrasenlibertad.com\/libroweb\/wp-json\/wp\/v2\/users\/1"}],"replies":[{"embeddable":true,"href":"https:\/\/nosotrasenlibertad.com\/libroweb\/wp-json\/wp\/v2\/comments?post=714"}],"version-history":[{"count":43,"href":"https:\/\/nosotrasenlibertad.com\/libroweb\/wp-json\/wp\/v2\/posts\/714\/revisions"}],"predecessor-version":[{"id":13093,"href":"https:\/\/nosotrasenlibertad.com\/libroweb\/wp-json\/wp\/v2\/posts\/714\/revisions\/13093"}],"wp:featuredmedia":[{"embeddable":true,"href":"https:\/\/nosotrasenlibertad.com\/libroweb\/wp-json\/wp\/v2\/media\/1814"}],"wp:attachment":[{"href":"https:\/\/nosotrasenlibertad.com\/libroweb\/wp-json\/wp\/v2\/media?parent=714"}],"wp:term":[{"taxonomy":"category","embeddable":true,"href":"https:\/\/nosotrasenlibertad.com\/libroweb\/wp-json\/wp\/v2\/categories?post=714"},{"taxonomy":"post_tag","embeddable":true,"href":"https:\/\/nosotrasenlibertad.com\/libroweb\/wp-json\/wp\/v2\/tags?post=714"}],"curies":[{"name":"wp","href":"https:\/\/api.w.org\/{rel}","templated":true}]}}