{"id":722,"date":"2021-04-13T21:57:26","date_gmt":"2021-04-13T21:57:26","guid":{"rendered":"https:\/\/nosotrasenlibertad.com\/libroweb\/?p=722"},"modified":"2021-10-05T23:36:03","modified_gmt":"2021-10-05T23:36:03","slug":"rearmandonos","status":"publish","type":"post","link":"https:\/\/nosotrasenlibertad.com\/libroweb\/rearmandonos\/","title":{"rendered":"Rearm\u00e1ndonos"},"content":{"rendered":"\n<p><\/p>\n\n\n\n<p>Soy Mar\u00eda Illanes, me dicen Maricha, fui detenida en julio del &#8217;76 en La Rioja y estuve privada de mi libertad hasta julio del &#8217;79. En ese lapso pas\u00e9 por el Batall\u00f3n de Ingenieros de Construcci\u00f3n 141 donde me interrogaban el jefe del Batall\u00f3n, Osvaldo P\u00e9rez Bataglia, y el subjefe, Jorge Malagamba.<\/p>\n\n\n\n<p>Recuerdo que el d\u00eda que me trasladaban del regimiento al Instituto de Rehabilitaci\u00f3n Social (IRS) se aperson\u00f3 en el lugar donde estaba alojada y aislada el jefe del regimiento para comunicarme que por no querer colaborar me llevar\u00edan a la c\u00e1rcel. Y me dijo: \u201cEl que las hace las paga, hoy muri\u00f3 en un accidente <span class=\"tool-tip\">Angelelli<span class=\"tool-tip-text\">Beato Enrique Angel Angelelli (1923-1976). Obispo cat\u00f3lico asesinado en La Rioja el 4 de agosto de 1976 por el terrorismo de Estado. Se caracteriz\u00f3 por su fuerte compromiso social. Promovi\u00f3 la formaci\u00f3n de cooperativas de campesinos y la sindicalizaci\u00f3n de peones rurales, mineros y empleadas dom\u00e9sticas.<\/span><\/span>\u201d. Por supuesto no dije nada y no cre\u00ed lo del accidente. Era el 4 de agosto del &#8217;76.<\/p>\n\n\n\n<p>En el IRS los interrogatorios ven\u00edan acompa\u00f1ados por torturas y vejaciones: submarinos, golpes, desnudez, etc\u00e9tera.<\/p>\n\n\n\n<p>El 8 de octubre del mismo a\u00f1o, junto con un grupo de compa\u00f1eras nos trasladaron a la c\u00e1rcel de Devoto. Si bien el viaje en un avi\u00f3n H\u00e9rcules fue traum\u00e1tico por el trato que nos dieron, fue un alivio no temer que nos sacaran a interrogar o escuchar por las noches c\u00f3mo torturaban a los compa\u00f1eros en la c\u00e1rcel de La Rioja.&nbsp;<\/p>\n\n\n\n<p>Cuando sal\u00ed en libertad de Devoto, previo paso por Coordinaci\u00f3n Federal donde me encontr\u00e9 con quien ser\u00eda mi marido, regres\u00e9 a mi ciudad. A los pocos d\u00edas comenc\u00e9 a trabajar: deb\u00eda ayudar a mis padres&nbsp;que por los viajes que hicieron a Buenos Aires para verme en Devoto y&nbsp;visitar a Carlos -mi hermano, que estaba en Sierra Chica-, debieron contraer pr\u00e9stamos. Es que con sus sueldos -mi madre maestra jubilada y mi padre empleado p\u00fablico- no pod\u00edan hacer frente a esos gastos.<\/p>\n\n\n\n<p>A los diez meses de estar en libertad me cas\u00e9 con Jorge,&nbsp;el novio de siempre, compa\u00f1ero que tambi\u00e9n estuvo detenido en Sierra Chica y luego en La Plata.<\/p>\n\n\n\n<p>En estos a\u00f1os en libertad, que son muchos, pasamos por distintas etapas. Los primeros a\u00f1os, como creo nos pas\u00f3 a la mayor\u00eda de los compa\u00f1eros, fueron muy duros y la tuvimos que <em>apechugar<\/em> con la ayuda de los viejos y como pudimos. En los a\u00f1os &#8217;80, con la democracia y concurso mediante, logr\u00e9 entrar a trabajar en la Legislatura provincial. A todo esto ya era mam\u00e1 de dos varones y una nena que vinieron a iluminar nuestras vidas.<\/p>\n\n\n\n<p>Mi hermano Carlos continuaba detenido y adem\u00e1s de sufrir por las torturas a las que fue sometido -a punto tal que una vez, en el &#8217;77, lo dejaron tirado pensando que se les hab\u00eda ido la mano- lo llevaron de reh\u00e9n de&nbsp;Sierra Chica a la c\u00e1rcel de La Rioja. All\u00ed permaneci\u00f3 un a\u00f1o sin ver el sol, solo lo sacaban para torturarlo de manera sistem\u00e1tica.<\/p>\n\n\n\n<p>En el a\u00f1o &#8217;82 mi madre se enferm\u00f3 gravemente y nos pidi\u00f3 ver a mi hermano que todav\u00eda estaba detenido. \u00c9l era su \u00fanico var\u00f3n, somos cuatro mujeres. Se realizaron los tr\u00e1mites sin ninguna expectativa. Para que tuviera una mejor atenci\u00f3n trasladamos a mi madre a C\u00f3rdoba y un d\u00eda, estando una de mis hermanas y mi marido atendi\u00e9ndola, comenz\u00f3 un operativo militar en la puerta del hospital y vieron que bajaban a mi hermano de un celular. Lo llevaron a terapia, donde estaba mi madre ya inconsciente. Entonces mi hermano le habl\u00f3 y mi madre abri\u00f3 los ojos y le pregunt\u00f3 si lo hab\u00edan liberado. \u00c9l minti\u00f3 y le dijo que s\u00ed. \u201cEntonces, te quedas conmigo\u201d, dijo mi vieja y mi hermano contest\u00f3: \u201cNo puedo, en La Rioja me est\u00e1n esperando los chicos y ya pusieron el asado\u201d.<\/p>\n\n\n\n<p>Al rato que lo llevaron a mi hermano mi madre entr\u00f3 en coma y horas despu\u00e9s muri\u00f3. Tengo la certeza de que estaba esperando ver a su hijo para partir en paz. Es la primera vez que cuento esto y no puedo dejar de emocionarme. A mi padre lo perd\u00ed en el &#8217;93 y mi hermano nos dej\u00f3 en 2012. Son dolores que perduran de por vida.<\/p>\n\n\n\n<p>Ya en libertad, con mi marido Jorge Machicote, comenzamos a militar en la Juventud Peronista (JP). \u00c9l lleg\u00f3 a ser presidente de la misma a nivel provincial y secretario general a nivel nacional dentro de la llamada Renovaci\u00f3n Peronista. Ocup\u00f3 varios cargos electivos tanto a nivel nacional como provincial. Yo fui diputada provincial por dos per\u00edodos consecutivos, despu\u00e9s de lo cual me desempe\u00f1\u00e9 como funcionaria en la C\u00e1mara de Diputados.<\/p>\n\n\n\n<p>Una vez terminada mi funci\u00f3n como diputada, me inscrib\u00ed en la Universidad Nacional de La Rioja (UNLaR) y me recib\u00ed de Licenciada en Ciencia Pol\u00edtica. Era una asignatura pendiente ya que cuando fui detenida estudiaba y trabajaba en C\u00f3rdoba.<\/p>\n\n\n\n<figure class=\"wp-block-image size-full mf\"><img decoding=\"async\" width=\"800\" height=\"530\" data-src=\"https:\/\/nosotrasenlibertad.com\/libroweb\/wp-content\/uploads\/2021\/07\/Maria-Illanes-2.jpg\" alt=\"\" class=\"wp-image-10421 lazyload\" data-srcset=\"https:\/\/nosotrasenlibertad.com\/libroweb\/wp-content\/uploads\/2021\/07\/Maria-Illanes-2.jpg 800w, https:\/\/nosotrasenlibertad.com\/libroweb\/wp-content\/uploads\/2021\/07\/Maria-Illanes-2-768x509.jpg 768w\" data-sizes=\"(max-width: 800px) 100vw, 800px\" src=\"data:image\/svg+xml;base64,PHN2ZyB3aWR0aD0iMSIgaGVpZ2h0PSIxIiB4bWxucz0iaHR0cDovL3d3dy53My5vcmcvMjAwMC9zdmciPjwvc3ZnPg==\" style=\"--smush-placeholder-width: 800px; --smush-placeholder-aspect-ratio: 800\/530;\" \/><\/figure>\n\n\n\n<p>Siempre militamos para mantener viva la memoria. En La Rioja como Asociaci\u00f3n de Ex Presos Pol\u00edticos tenemos la Casa de la Memoria Justino Vergara, nombre de un compa\u00f1ero ya fallecido que fuera detenido con sus hijos mellizos de diecisiete a\u00f1os en aquel momento, y padre de Edgardo, un compa\u00f1ero&nbsp;que a\u00fan permanece desaparecido. Tambi\u00e9n tenemos una Plaza de la Memoria que lleva el nombre de mi hermano Carlos Alberto Illanes. Es decir, siempre estuvimos movilizados teniendo presencia en las audiencias de los juicios por Enrique Angelelli, los curas Gabriel Longueville y Carlos de Dios Murias y el laico catequista Wenceslao Pedernera, todos asesinados. Tambi\u00e9n en la mega causa donde se juzgan los delitos de Lesa Humanidad y donde se conden\u00f3 a los represores&nbsp;por torturas, apremios ilegales, secuestro y desaparici\u00f3n de compa\u00f1eros. En este \u00faltimo juicio fue condenado un juez federal, Roberto Catal\u00e1n, y, por otro lado, el tribunal declar\u00f3 y juzg\u00f3 en forma aut\u00f3noma los abusos sexuales.<\/p>\n\n\n\n<figure class=\"wp-block-image size-full imgFloat\"><img decoding=\"async\" width=\"400\" height=\"533\" data-src=\"https:\/\/nosotrasenlibertad.com\/libroweb\/wp-content\/uploads\/2021\/07\/Maria-Illanes-1.jpg\" alt=\"\" class=\"wp-image-10423 lazyload\" src=\"data:image\/svg+xml;base64,PHN2ZyB3aWR0aD0iMSIgaGVpZ2h0PSIxIiB4bWxucz0iaHR0cDovL3d3dy53My5vcmcvMjAwMC9zdmciPjwvc3ZnPg==\" style=\"--smush-placeholder-width: 400px; --smush-placeholder-aspect-ratio: 400\/533;\" \/><\/figure>\n\n\n\n<p>Para los 24 de marzo tenemos una activa participaci\u00f3n en las escuelas, dando testimonios de lo vivido y charlas donde lo requieran. Siempre trabajamos en la programaci\u00f3n de esta conmemoraci\u00f3n&nbsp;con Derechos Humanos (DDHH) de la provincia, Legislatura, Concejo Deliberante, Universidad y comunidades de base. Los 23, a partir de las 21, hacemos la vigilia donde act\u00faan cantantes, coros y se hacen intervenciones art\u00edsticas. Finalizamos la jornada a las 24, cantamos el Himno Nacional y recordamos a los compa\u00f1eros detenidos desaparecidos. Esto lo hacemos todos los a\u00f1os como parte de las actividades de la Asociaci\u00f3n de Ex Presos Pol\u00edticos.<\/p>\n\n\n\n<p>Los 4 de agosto, fecha en&nbsp;que se conmemora el asesinato de Monse\u00f1or Angelelli, ocurrido a cien kil\u00f3metros de la ciudad capital, la Asociaci\u00f3n de Ex Presos Pol\u00edticos tiene un rol importante en cuanto a la organizaci\u00f3n y movilizaci\u00f3n a la localidad de Punta de los Llanos. All\u00ed instalamos una carpa donde se almuerza con el gobernador y el obispo.<\/p>\n\n\n\n<p>Actualmente estoy jubilada, buscando siempre actividades para hacer y disfrutando de la familia. Mis hijos nos dieron cuatro hermosos niet@s -tres varones y una nena- y uno viene en camino, por lo que estoy m\u00e1s que agradecida a la vida.<\/p>\n\n\n\n<p>Cada una se va armando o rearmando como puede despu\u00e9s de haber pasado por situaciones l\u00edmite. Mi balance&nbsp;es positivo a pesar de los dolores y las p\u00e9rdidas.<\/p>\n","protected":false},"excerpt":{"rendered":"<p>Soy Mar\u00eda Illanes, me dicen Maricha, fui detenida en julio del &#8217;76 en La Rioja y estuve privada de mi libertad hasta julio del &#8217;79. En ese lapso pas\u00e9 por el Batall\u00f3n de Ingenieros de Construcci\u00f3n 141 donde me interrogaban el jefe del Batall\u00f3n, Osvaldo P\u00e9rez Bataglia, y el subjefe, Jorge Malagamba. Recuerdo que el [&hellip;]<\/p>\n","protected":false},"author":1,"featured_media":1816,"comment_status":"closed","ping_status":"open","sticky":false,"template":"single-andes.php","format":"standard","meta":{"_acf_changed":false,"footnotes":""},"categories":[5],"tags":[30],"class_list":["post-722","post","type-post","status-publish","format-standard","has-post-thumbnail","hentry","category-de-la-cordillera-al-atlantico","tag-derechos-humanos"],"acf":[],"_links":{"self":[{"href":"https:\/\/nosotrasenlibertad.com\/libroweb\/wp-json\/wp\/v2\/posts\/722","targetHints":{"allow":["GET"]}}],"collection":[{"href":"https:\/\/nosotrasenlibertad.com\/libroweb\/wp-json\/wp\/v2\/posts"}],"about":[{"href":"https:\/\/nosotrasenlibertad.com\/libroweb\/wp-json\/wp\/v2\/types\/post"}],"author":[{"embeddable":true,"href":"https:\/\/nosotrasenlibertad.com\/libroweb\/wp-json\/wp\/v2\/users\/1"}],"replies":[{"embeddable":true,"href":"https:\/\/nosotrasenlibertad.com\/libroweb\/wp-json\/wp\/v2\/comments?post=722"}],"version-history":[{"count":18,"href":"https:\/\/nosotrasenlibertad.com\/libroweb\/wp-json\/wp\/v2\/posts\/722\/revisions"}],"predecessor-version":[{"id":12910,"href":"https:\/\/nosotrasenlibertad.com\/libroweb\/wp-json\/wp\/v2\/posts\/722\/revisions\/12910"}],"wp:featuredmedia":[{"embeddable":true,"href":"https:\/\/nosotrasenlibertad.com\/libroweb\/wp-json\/wp\/v2\/media\/1816"}],"wp:attachment":[{"href":"https:\/\/nosotrasenlibertad.com\/libroweb\/wp-json\/wp\/v2\/media?parent=722"}],"wp:term":[{"taxonomy":"category","embeddable":true,"href":"https:\/\/nosotrasenlibertad.com\/libroweb\/wp-json\/wp\/v2\/categories?post=722"},{"taxonomy":"post_tag","embeddable":true,"href":"https:\/\/nosotrasenlibertad.com\/libroweb\/wp-json\/wp\/v2\/tags?post=722"}],"curies":[{"name":"wp","href":"https:\/\/api.w.org\/{rel}","templated":true}]}}