{"id":733,"date":"2021-04-13T22:33:15","date_gmt":"2021-04-13T22:33:15","guid":{"rendered":"https:\/\/nosotrasenlibertad.com\/libroweb\/?p=733"},"modified":"2021-10-05T23:37:28","modified_gmt":"2021-10-05T23:37:28","slug":"en-memoria-de-justino-vergara","status":"publish","type":"post","link":"https:\/\/nosotrasenlibertad.com\/libroweb\/en-memoria-de-justino-vergara\/","title":{"rendered":"En memoria de Justino Vergara"},"content":{"rendered":"\n<p>En 2003 celebramos&nbsp;todas y todos juntos la anulaci\u00f3n de las leyes de impunidad -lo que cost\u00f3 tanta lucha- logrando el Juicio y Castigo para los responsables de delitos de Lesa Humanidad. En ese contexto la historia nos interpelaba y nos compromet\u00eda a involucrarnos en una nueva etapa que comenzaba en nuestro pa\u00eds. <\/p>\n\n\n\n<p>Necesit\u00e1bamos tener respaldo legal para constituirnos en querellantes en los juicios de Lesa Humanidad y eso nos impuls\u00f3 a crear la Asociaci\u00f3n de Ex Presos Pol\u00edticos. Ese espacio del Partido Intransigente (PI) -que nos cobij\u00f3- vio nacer nuestra asociaci\u00f3n. Fue all\u00ed donde se realizaron las primeras reuniones. Actualmente y desde hace varios a\u00f1os nuestros encuentros, reuniones, charlas, discusiones, preparativos para las marchas y presentaciones de libros las realizamos en nuestra Casa de la Memoria Justino Vergara. Su nombre es en homenaje a un viejo militante y luchador que estuvo varios a\u00f1os preso.&nbsp;<\/p>\n\n\n\n<figure class=\"wp-block-image size-full mf\"><img decoding=\"async\" width=\"800\" height=\"530\" data-src=\"https:\/\/nosotrasenlibertad.com\/libroweb\/wp-content\/uploads\/2021\/07\/Diana-Quiros-3.jpg\" alt=\"\" class=\"wp-image-10429 lazyload\" data-srcset=\"https:\/\/nosotrasenlibertad.com\/libroweb\/wp-content\/uploads\/2021\/07\/Diana-Quiros-3.jpg 800w, https:\/\/nosotrasenlibertad.com\/libroweb\/wp-content\/uploads\/2021\/07\/Diana-Quiros-3-768x509.jpg 768w\" data-sizes=\"(max-width: 800px) 100vw, 800px\" src=\"data:image\/svg+xml;base64,PHN2ZyB3aWR0aD0iMSIgaGVpZ2h0PSIxIiB4bWxucz0iaHR0cDovL3d3dy53My5vcmcvMjAwMC9zdmciPjwvc3ZnPg==\" style=\"--smush-placeholder-width: 800px; --smush-placeholder-aspect-ratio: 800\/530;\" \/><\/figure>\n\n\n\n<p>Este espacio es de ex presos pol\u00edticos y de los hijos, que han conformado el Colectivo de Hijos de Ex presos Pol\u00edticos de La Rioja, que nos acompa\u00f1an y son un valioso sost\u00e9n en la tarea militante y en los juicios de Lesa Humanidad. Ese v\u00ednculo de c\u00e1rcel que formamos lo fuimos estrechando en las diferencias, generando una gran experiencia colectiva. Apoyando activamente y como testigos en los juicios de Lesa Humanidad en la provincia de La Rioja y tambi\u00e9n en otras provincias. Contamos con el apoyo de un equipo de protecci\u00f3n al testigo.&nbsp;<\/p>\n\n\n\n<figure class=\"wp-block-image size-full imgFloat\"><img decoding=\"async\" width=\"400\" height=\"265\" data-src=\"https:\/\/nosotrasenlibertad.com\/libroweb\/wp-content\/uploads\/2021\/07\/Diana-Quiros-2.jpg\" alt=\"\" class=\"wp-image-10430 lazyload\" src=\"data:image\/svg+xml;base64,PHN2ZyB3aWR0aD0iMSIgaGVpZ2h0PSIxIiB4bWxucz0iaHR0cDovL3d3dy53My5vcmcvMjAwMC9zdmciPjwvc3ZnPg==\" style=\"--smush-placeholder-width: 400px; --smush-placeholder-aspect-ratio: 400\/265;\" \/><\/figure>\n\n\n\n<p>La<em> <\/em>Casa de la Memoria fue creciendo en espacio y calidez humana y hoy es una gran referencia en la defensa de los Derechos Humanos (DDHH). Recibimos con alegr\u00eda a los compa\u00f1eros del interior y de otras provincias que nos visitan. Siempre est\u00e1 el mate listo o un vino y unas empanadas para celebrar el encuentro. El a\u00f1o pasado nos visit\u00f3 nuestro querido Evo Morales. La Casa de la Memoria es un espacio que nos permite, a\u00fan con posicionamientos pol\u00edticos diversos, mantener viva la memoria y continuar la lucha por m\u00e1s Memoria, Verdad y Justicia.&nbsp;&nbsp;&nbsp;&nbsp;<\/p>\n\n\n\n<p><\/p>\n\n\n\n<p><\/p>\n","protected":false},"excerpt":{"rendered":"<p>En 2003 celebramos&nbsp;todas y todos juntos la anulaci\u00f3n de las leyes de impunidad -lo que cost\u00f3 tanta lucha- logrando el Juicio y Castigo para los responsables de delitos de Lesa Humanidad. En ese contexto la historia nos interpelaba y nos compromet\u00eda a involucrarnos en una nueva etapa que comenzaba en nuestro pa\u00eds. Necesit\u00e1bamos tener respaldo [&hellip;]<\/p>\n","protected":false},"author":1,"featured_media":1818,"comment_status":"closed","ping_status":"open","sticky":false,"template":"single-andes.php","format":"standard","meta":{"_acf_changed":false,"footnotes":""},"categories":[5],"tags":[29,30],"class_list":["post-733","post","type-post","status-publish","format-standard","has-post-thumbnail","hentry","category-de-la-cordillera-al-atlantico","tag-actividad-comunitaria","tag-derechos-humanos"],"acf":[],"_links":{"self":[{"href":"https:\/\/nosotrasenlibertad.com\/libroweb\/wp-json\/wp\/v2\/posts\/733","targetHints":{"allow":["GET"]}}],"collection":[{"href":"https:\/\/nosotrasenlibertad.com\/libroweb\/wp-json\/wp\/v2\/posts"}],"about":[{"href":"https:\/\/nosotrasenlibertad.com\/libroweb\/wp-json\/wp\/v2\/types\/post"}],"author":[{"embeddable":true,"href":"https:\/\/nosotrasenlibertad.com\/libroweb\/wp-json\/wp\/v2\/users\/1"}],"replies":[{"embeddable":true,"href":"https:\/\/nosotrasenlibertad.com\/libroweb\/wp-json\/wp\/v2\/comments?post=733"}],"version-history":[{"count":22,"href":"https:\/\/nosotrasenlibertad.com\/libroweb\/wp-json\/wp\/v2\/posts\/733\/revisions"}],"predecessor-version":[{"id":12819,"href":"https:\/\/nosotrasenlibertad.com\/libroweb\/wp-json\/wp\/v2\/posts\/733\/revisions\/12819"}],"wp:featuredmedia":[{"embeddable":true,"href":"https:\/\/nosotrasenlibertad.com\/libroweb\/wp-json\/wp\/v2\/media\/1818"}],"wp:attachment":[{"href":"https:\/\/nosotrasenlibertad.com\/libroweb\/wp-json\/wp\/v2\/media?parent=733"}],"wp:term":[{"taxonomy":"category","embeddable":true,"href":"https:\/\/nosotrasenlibertad.com\/libroweb\/wp-json\/wp\/v2\/categories?post=733"},{"taxonomy":"post_tag","embeddable":true,"href":"https:\/\/nosotrasenlibertad.com\/libroweb\/wp-json\/wp\/v2\/tags?post=733"}],"curies":[{"name":"wp","href":"https:\/\/api.w.org\/{rel}","templated":true}]}}