{"id":757,"date":"2021-04-13T23:14:19","date_gmt":"2021-04-13T23:14:19","guid":{"rendered":"https:\/\/nosotrasenlibertad.com\/libroweb\/?p=757"},"modified":"2021-09-27T15:12:05","modified_gmt":"2021-09-27T15:12:05","slug":"de-andares-y-desandares","status":"publish","type":"post","link":"https:\/\/nosotrasenlibertad.com\/libroweb\/de-andares-y-desandares\/","title":{"rendered":"De andares y desandares"},"content":{"rendered":"\n<p><\/p>\n\n\n\n<p>Despu\u00e9s del grito \u201cHasta siempre compa\u00f1eras\u201d con el que me desped\u00ed aquella ma\u00f1ana del 13 de octubre de 1981 en Devoto, luego de seis a\u00f1os y medio de c\u00e1rcel, la primera sensaci\u00f3n fue la soledad. Extra\u00f1aba el apoyo y el sost\u00e9n de las compa\u00f1eras con quienes hab\u00eda compartido durante tanto tiempo risas, cantos, llantos y resistencia. Dol\u00eda la ausencia de mi compa\u00f1ero que todav\u00eda estaba en la c\u00e1rcel y con el cual reci\u00e9n pude encontrarme en marzo de 1983. Lamentablemente, al poco tiempo de su regreso, nos separamos y&nbsp;cada uno form\u00f3 su propia familia. Transitar la libertad, no fue nada f\u00e1cil.&nbsp;<\/p>\n\n\n\n<p>Atr\u00e1s quedaba esa jovencita de diecisiete a\u00f1os llena de sue\u00f1os e ideales, que siempre ten\u00eda motivos para re\u00edr, que cantaba y so\u00f1aba con el \u201cHombre Nuevo\u201d y con la liberaci\u00f3n de los pueblos. Hab\u00eda que afrontar esa realidad inh\u00f3spita, que ya en libertad nos tocaba vivir. Sin trabajo, con una situaci\u00f3n muy dif\u00edcil en lo econ\u00f3mico y en soledad.<\/p>\n\n\n\n<p>Comenz\u00f3 el peregrinar por un empleo en una f\u00e1brica de calzado, despu\u00e9s en un banco y finalmente en el Tribunal de Cuentas de la provincia de La Rioja, donde me desempe\u00f1\u00e9 hasta el a\u00f1o pasado. Logr\u00e9 en ese \u00ednterin alcanzar un sue\u00f1o postergado: estudiar y recibirme de abogada. Digamos que en ese sentido fue una revancha que la vida me brind\u00f3 para hacer valer los derechos que durante tantos a\u00f1os nos fueron negados a Nosotros.<\/p>\n\n\n\n<p>La vida me fue compensando en alegr\u00edas, satisfacciones y logros. Me volv\u00ed a enamorar y tengo dos hijos,&nbsp;quienes han sido y son mi apoyo incondicional en todo momento: a veces con largas ausencias cuando estudiaba, en el ejercicio de mi profesi\u00f3n o en las largas jornadas en los juicios de Lesa Humanidad.<\/p>\n\n\n\n<p>Y con mis andares y desandares a cuesta me encontr\u00e9 con Argentina y otras compa\u00f1eras y compa\u00f1eros que sufrieron persecuci\u00f3n, c\u00e1rcel y exilio y fue&nbsp;esa vieja casona de canto y poes\u00eda que nos herman\u00f3.<\/p>\n\n\n\n<p>Sin duda mi vida fue un antes y un despu\u00e9s de la c\u00e1rcel. Esa experiencia -dolorosa por cierto- siempre me ayud\u00f3 a no claudicar ante las adversidades, transform\u00e1ndolas en algo positivo y esperanzador.<\/p>\n\n\n\n<p>Por todo lo vivido es importante y gratificante desde ese lugar como abogada-compa\u00f1era estar presente en cada juicio de Lesa Humanidad, acompa\u00f1ando a las compa\u00f1eras y compa\u00f1eros e hilvanando juntos la historia, porque aunque la memoria duela nuestra obligaci\u00f3n moral&nbsp;es traerla al presente porque con ella vuelven los que ya no est\u00e1n.<\/p>\n\n\n\n<figure class=\"wp-block-image size-full mf\"><img decoding=\"async\" width=\"849\" height=\"833\" data-src=\"https:\/\/nosotrasenlibertad.com\/libroweb\/wp-content\/uploads\/2021\/07\/Diana-Quiros.jpg\" alt=\"\" class=\"wp-image-10425 lazyload\" data-srcset=\"https:\/\/nosotrasenlibertad.com\/libroweb\/wp-content\/uploads\/2021\/07\/Diana-Quiros.jpg 849w, https:\/\/nosotrasenlibertad.com\/libroweb\/wp-content\/uploads\/2021\/07\/Diana-Quiros-768x754.jpg 768w\" data-sizes=\"(max-width: 849px) 100vw, 849px\" src=\"data:image\/svg+xml;base64,PHN2ZyB3aWR0aD0iMSIgaGVpZ2h0PSIxIiB4bWxucz0iaHR0cDovL3d3dy53My5vcmcvMjAwMC9zdmciPjwvc3ZnPg==\" style=\"--smush-placeholder-width: 849px; --smush-placeholder-aspect-ratio: 849\/833;\" \/><\/figure>\n\n\n\n<p><\/p>\n","protected":false},"excerpt":{"rendered":"<p>Despu\u00e9s del grito \u201cHasta siempre compa\u00f1eras\u201d con el que me desped\u00ed aquella ma\u00f1ana del 13 de octubre de 1981 en Devoto, luego de seis a\u00f1os y medio de c\u00e1rcel, la primera sensaci\u00f3n fue la soledad. Extra\u00f1aba el apoyo y el sost\u00e9n de las compa\u00f1eras con quienes hab\u00eda compartido durante tanto tiempo risas, cantos, llantos y [&hellip;]<\/p>\n","protected":false},"author":1,"featured_media":1817,"comment_status":"closed","ping_status":"open","sticky":false,"template":"single-andes.php","format":"standard","meta":{"_acf_changed":false,"footnotes":""},"categories":[5],"tags":[29,30],"class_list":["post-757","post","type-post","status-publish","format-standard","has-post-thumbnail","hentry","category-de-la-cordillera-al-atlantico","tag-actividad-comunitaria","tag-derechos-humanos"],"acf":[],"_links":{"self":[{"href":"https:\/\/nosotrasenlibertad.com\/libroweb\/wp-json\/wp\/v2\/posts\/757","targetHints":{"allow":["GET"]}}],"collection":[{"href":"https:\/\/nosotrasenlibertad.com\/libroweb\/wp-json\/wp\/v2\/posts"}],"about":[{"href":"https:\/\/nosotrasenlibertad.com\/libroweb\/wp-json\/wp\/v2\/types\/post"}],"author":[{"embeddable":true,"href":"https:\/\/nosotrasenlibertad.com\/libroweb\/wp-json\/wp\/v2\/users\/1"}],"replies":[{"embeddable":true,"href":"https:\/\/nosotrasenlibertad.com\/libroweb\/wp-json\/wp\/v2\/comments?post=757"}],"version-history":[{"count":24,"href":"https:\/\/nosotrasenlibertad.com\/libroweb\/wp-json\/wp\/v2\/posts\/757\/revisions"}],"predecessor-version":[{"id":12816,"href":"https:\/\/nosotrasenlibertad.com\/libroweb\/wp-json\/wp\/v2\/posts\/757\/revisions\/12816"}],"wp:featuredmedia":[{"embeddable":true,"href":"https:\/\/nosotrasenlibertad.com\/libroweb\/wp-json\/wp\/v2\/media\/1817"}],"wp:attachment":[{"href":"https:\/\/nosotrasenlibertad.com\/libroweb\/wp-json\/wp\/v2\/media?parent=757"}],"wp:term":[{"taxonomy":"category","embeddable":true,"href":"https:\/\/nosotrasenlibertad.com\/libroweb\/wp-json\/wp\/v2\/categories?post=757"},{"taxonomy":"post_tag","embeddable":true,"href":"https:\/\/nosotrasenlibertad.com\/libroweb\/wp-json\/wp\/v2\/tags?post=757"}],"curies":[{"name":"wp","href":"https:\/\/api.w.org\/{rel}","templated":true}]}}