{"id":770,"date":"2021-04-13T23:26:56","date_gmt":"2021-04-13T23:26:56","guid":{"rendered":"https:\/\/nosotrasenlibertad.com\/libroweb\/?p=770"},"modified":"2021-10-20T21:12:20","modified_gmt":"2021-10-20T21:12:20","slug":"contabilidad-y-derechos-humanos","status":"publish","type":"post","link":"https:\/\/nosotrasenlibertad.com\/libroweb\/contabilidad-y-derechos-humanos\/","title":{"rendered":"Contabilidad y Derechos Humanos"},"content":{"rendered":"\n<p>Cuando surgi\u00f3 la idea entre compa\u00f1eras de que cont\u00e1ramos nuestras vidas a&nbsp;partir de recuperar la libertad, se tambale\u00f3 mi estructura de contadora -en la que todo est\u00e1 prolijamente ordenado- y empezaron a agolparse&nbsp;recuerdos compartidos: padecimientos, broncas, alegr\u00edas, esperanzas y aprendizajes.&nbsp; <\/p>\n\n\n\n<p>Pensaba entonces qu\u00e9 dif\u00edcil ser\u00eda poder poner en palabras los horrores vividos, hechos que generan sentimientos encontrados y que no es f\u00e1cil trasmitir. Soy ex presa pol\u00edtica detenida en San Luis desde diciembre de 1976 hasta junio de 1979. Me preguntaba c\u00f3mo hacer para contar lo que vivimos y hacer que los dem\u00e1s&nbsp; entiendan que en ese encierro tambi\u00e9n cant\u00e1bamos, re\u00edamos, cre\u00edamos y tej\u00edamos el futuro \u00bfPodr\u00edamos trasmitir los sentimientos contradictorios que nos embargaban&nbsp;cuando nos daban la libertad, cuando re\u00edamos de alegr\u00eda y llor\u00e1bamos porque nos dol\u00eda dejar a las compa\u00f1eras? &nbsp;<\/p>\n\n\n\n<p>\u00a1La libertad! \u00bfQu\u00e9 dif\u00edcil nos result\u00f3 a todas&nbsp;recordar c\u00f3mo era apagar una luz, cerrar una puerta, tener noci\u00f3n del espacio amplio y no llevar la cabeza baja y las manos atr\u00e1s?&nbsp;Qu\u00e9 dif\u00edcil nos result\u00f3 encontrar con quien compartir las noticias de los diarios y con quien charlar los viernes los problemas vecinales.<\/p>\n\n\n\n<p>Mi salida en libertad tuvo la gran contenci\u00f3n de mi familia materna, oriunda de San Luis que se mud\u00f3 luego a Mendoza. No estaba mi madre que hab\u00eda fallecido d\u00edas antes de mi detenci\u00f3n pero s\u00ed mi hermano -que padec\u00eda una seria deficiencia mental-, mis t\u00edos, primos y tambi\u00e9n muchos amigos y colegas. Todos ellos permitieron que prontamente me reintegrara a la \u201cvida laboral\u201d y&nbsp;r\u00e1pidamente tuve alumnos particulares. M\u00e1s tarde, pude reintegrarme como docente de escuelas secundarias y contadores colegas me invitaron a participar de la comisi\u00f3n directiva del Consejo Profesional de Ciencias Econ\u00f3micas de San Luis. Esto permiti\u00f3 que&nbsp;un colega me propusiera&nbsp;abrir un estudio contable y administrativo que hasta la fecha mantenemos pese a mis cincuenta a\u00f1os de profesi\u00f3n. Pero no sabr\u00eda hacer otra cosa m\u00e1s que impuestos y contabilidad.<\/p>\n\n\n\n<p>Si bien pude reintegrarme al mundo laboral sin mayores problemas,&nbsp;sin duda la c\u00e1rcel marc\u00f3 mi vida para siempre. Puedo afirmar que no me qued\u00e9 prendida a ese hecho usando mi condici\u00f3n de presa: retom\u00e9 mi vida de trabajo y lucha.&nbsp;Por la memoria de los que fueron muertos y desaparecidos por la dictadura, deb\u00edamos exigir Juicio y Castigo, teniendo presente la generosidad y entrega de quienes ofrendaron su vida sin esperar jam\u00e1s retribuci\u00f3n alguna.<\/p>\n\n\n\n<p>Perm\u00edtaseme manifestar que considero que mi lucha de tantos a\u00f1os bregando por encontrar justicia no fue en soledad: no creo en las acciones individuales, el hombre es fundamentalmente un ser gregario y por la tanto para realizarse en la vida necesita del otro. Y as\u00ed es mi vida hasta hoy, de compromiso junto con muchos otros compa\u00f1eros que constituimos&nbsp;la Asamblea Permanente por los Derechos Humanos (<span class=\"tool-tip\">APDH<span class=\"tool-tip-text\">Asamblea Permanente por los Derechos Humanos, constituida en 1975 y compuesta por sectores sociales, politicos, intelectuales, sindicales y religiosos argentinos.<\/span><\/span>). El compromiso en la b\u00fasqueda de la verdad lo asumimos algunos que hoy estamos desde aquellos a\u00f1os, otros muchos que hoy no est\u00e1n y los que se fueron sumando a lo largo de estos veinticinco a\u00f1os, con la convicci\u00f3n de que el genocidio nos toca a todos y est\u00e1 en todos la responsabilidad de exigir justicia.<\/p>\n\n\n\n<p>Personalmente solo quise darle a mi vida el contenido que aprend\u00ed en mi hogar,&nbsp;esto es, intentar realizar un&nbsp;proyecto de vida basado en la igualdad entre los hombres y no la desigualdad y los privilegios de unos pocos.&nbsp;Basado en la solidaridad entre los hombres para construir un mundo al servicio de todos y no un mundo organizado por unos hombres en provecho de s\u00ed mismos y que hunde en la desolaci\u00f3n material y espiritual a la mayor\u00eda.<\/p>\n\n\n\n<p>Todos los organismos de Derechos Humanos (DDHH) -incluida la Asamblea- con el retorno de la democracia comenzamos a formar equipos jur\u00eddicos. As\u00ed a nuestra Asamblea se incorporaron abogados del foro local y representantes, en su mayor\u00eda de partidos pol\u00edticos. Otros miembros&nbsp;trabajamos en la investigaci\u00f3n de los distintos casos y ayudamos en el armado de las causas. Para ello varios de nosotros recorrimos&nbsp;toda la provincia en b\u00fasqueda de familiares, conocidos y todo aquel que pudiera dar informaci\u00f3n, tratando de atravesar el muro de silencio que hab\u00eda dejado la dictadura. <\/p>\n\n\n\n<figure class=\"wp-block-image size-full imgFloat\"><img decoding=\"async\" width=\"581\" height=\"819\" data-src=\"https:\/\/nosotrasenlibertad.com\/libroweb\/wp-content\/uploads\/2021\/10\/Lilian-Maria-Videla-2.jpg\" alt=\"\" class=\"wp-image-13874 lazyload\" src=\"data:image\/svg+xml;base64,PHN2ZyB3aWR0aD0iMSIgaGVpZ2h0PSIxIiB4bWxucz0iaHR0cDovL3d3dy53My5vcmcvMjAwMC9zdmciPjwvc3ZnPg==\" style=\"--smush-placeholder-width: 581px; --smush-placeholder-aspect-ratio: 581\/819;\" \/><\/figure>\n\n\n\n<p>Ese trabajo sirvi\u00f3 de base para la informaci\u00f3n que requer\u00eda la Comisi\u00f3n Nacional sobre la Desaparici\u00f3n de Personas (CONADEP), que finalmente qued\u00f3 plasmada en el <em>Nunca M\u00e1s<\/em>. Sirvi\u00f3 de base para iniciar las demandas judiciales exigiendo justicia. En 1985 se present\u00f3 el primer juicio por delitos de Lesa Humanidad en la provincia de San Luis, pero fue cerrado&nbsp;como consecuencia de la sanci\u00f3n de las leyes de Obediencia Debida y Punto Final y, luego, los indultos. El pueblo y las organizaciones de DDHH, resistimos y expresamos en todo momento la firme voluntad de mantener la vigencia de las instituciones, mejorarlas y avanzar en la exigencia de Verdad y Justicia.<\/p>\n\n\n\n<p>Reci\u00e9n en 2005, al sancionarse la ley que declar\u00f3 nulas las leyes de la impunidad, se abri\u00f3 la posibilidad de reabrir las causas por todos los cr\u00edmenes aberrantes producidos por los genocidas en el pa\u00eds.&nbsp;Desde la <span class=\"tool-tip\">APDH<span class=\"tool-tip-text\">Asamblea Permanente por los Derechos Humanos, constituida en 1975 y compuesta por sectores sociales, politicos, intelectuales, sindicales y religiosos argentinos.<\/span><\/span> San Luis -juntamente con el Movimiento Ecum\u00e9nico por los Derechos Humanos (Mendoza) y familiares de detenidos desaparecidos- en agosto de 2006, pedimos&nbsp;la reapertura de todos los juicios. Se logr\u00f3 que todas las causas que hab\u00edan quedado pendientes se reanudaran. De este modo, se hicieron tres grandes juicios contra los responsables militares, policiales, funcionarios judiciales, civiles y hasta contra el obispo Laisser, colaborador de la dictadura -logr\u00f3 salir del pa\u00eds rumbo al Vaticano,&nbsp;que no permiti\u00f3 la extradici\u00f3n- y muri\u00f3 en Italia sin ser juzgado.<\/p>\n\n\n\n<p>Toda esta lucha fue sostenida por muchas&nbsp;actividades, como&nbsp;el acompa\u00f1amiento a las v\u00edctimas que deb\u00edan dar testimonios en los juicios y la solicitud de las leyes reparatorias. Colaboramos con el Equipo Argentino de Antropolog\u00eda Forense (EAAF) en la toma de muestras de sangre&nbsp;a familiares y tambi\u00e9n en las investigaciones para localizar posibles lugares de enterramiento de las v\u00edctimas, fundamentalmente en las unidades militares. Desde&nbsp;2004 formamos parte de los nodos de Abuelas de Plaza de Mayo,&nbsp;colaborando en la b\u00fasqueda de los nietos y nietas apropiados.<\/p>\n\n\n\n<p>Desde la <span class=\"tool-tip\">APDH<span class=\"tool-tip-text\">Asamblea Permanente por los Derechos Humanos, constituida en 1975 y compuesta por sectores sociales, politicos, intelectuales, sindicales y religiosos argentinos.<\/span><\/span> siempre nos ocupamos mayormente de los DDHH referidos a las violaciones pol\u00edticas: torturas, detenciones, asesinatos y persecuciones pero sin descuidar las violaciones de otros derechos. As\u00ed, trabajamos&nbsp;con personas en situaci\u00f3n de calle, asistimos a internos de la c\u00e1rcel local y hemos acompa\u00f1ado a barrios marginales llev\u00e1ndoles bibliotecas, charlas, m\u00fasica con el apoyo personal de <span class=\"tool-tip\">Miguel \u00c1ngel Estrella<span class=\"tool-tip-text\">M\u00fasico, pianista y militante argentino nacido en la provincia de Tucum\u00e1n. Exiliado en Uruguay fue detenido, secuestrado y torturado durante la \u00faltima dictadura c\u00edvico militar en ese pa\u00eds.  <\/span><\/span>. Llevamos a cabo innumerables charlas en escuelas. Intentamos hacerlo tambi\u00e9n en la c\u00e1rcel -junto con un grupo de abogados de <span class=\"tool-tip\">APDH<span class=\"tool-tip-text\">Asamblea Permanente por los Derechos Humanos, constituida en 1975 y compuesta por sectores sociales, politicos, intelectuales, sindicales y religiosos argentinos.<\/span><\/span> nacional- a los penitenciarios, pero se dio la orden de que se suspendieran.<\/p>\n\n\n\n<p>En este tiempo de pandemia hemos atendido much\u00edsimas denuncias de violencia policial, entre ellas dos asesinatos en dependencias policiales. Creemos que hoy nos urge atender los derechos econ\u00f3micos, sociales y culturales que generan millones de desempleados en el mundo, miles que mueren en accidentes laborales, el trabajo esclavo de ni\u00f1os y mujeres, la contaminaci\u00f3n de mares y los miles de ni\u00f1os que mueren de hambre o enfermedades curables.&nbsp; Ese es&nbsp;nuestro compromiso hoy, junto a la comunidad, ya que los DDHH son una construcci\u00f3n de todos.<\/p>\n\n\n\n<p>En este tiempo de reflexi\u00f3n he pensado que una manifestaci\u00f3n de la derrota en el campo popular es que no podemos encontrar el camino de la unidad y nos seguimos dividiendo y separando.&nbsp;Somos en lo pol\u00edtico la expresi\u00f3n de la fragmentaci\u00f3n social y, a pesar de pertenecer a un todo, no tenemos capacidad para juntar los pedazos. Nos olvidamos de sumar y multiplicar, pareciera que solo sabemos restar y dividir.<\/p>\n\n\n\n<p>Quiero finalizar convoc\u00e1ndolos a&nbsp;revivir esas \u00e9pocas llenas de utop\u00edas, a no renunciar a los valores que nos guiaban, a ser solidarias y solidarios, a estar atentos y en guardia contra la absurda imagen del mundo que se nos muestra y a las falsas promesas empleadas para justificar la necesidad criminal de vender y la insaciable necesidad de consumir. A volver a tener esperanza.<\/p>\n\n\n\n<p>Necesitamos tolerancia, grandeza de esp\u00edritu, compromiso y respeto para discutir y resolver las graves cuestiones pendientes. De nosotros depende lograr el salto cualitativo de construir una sociedad m\u00e1s humana.<\/p>\n\n\n\n<p>Esta tarea emprendida por un grupo de compa\u00f1eras ex detenidas nos lleva a reflexiones, balances, saldos y conclusiones que necesariamente orienten el futuro y sirvan a las pr\u00f3ximas generaciones. Sabemos que los grupos dominantes y sus personeros siempre han acallado las voces de la \u201cotra historia\u201d y han desvalorizado a sus actores despoj\u00e1ndolos de su esencia de militantes comprometidos.<\/p>\n\n\n\n<p><br><\/p>\n","protected":false},"excerpt":{"rendered":"<p>Cuando surgi\u00f3 la idea entre compa\u00f1eras de que cont\u00e1ramos nuestras vidas a&nbsp;partir de recuperar la libertad, se tambale\u00f3 mi estructura de contadora -en la que todo est\u00e1 prolijamente ordenado- y empezaron a agolparse&nbsp;recuerdos compartidos: padecimientos, broncas, alegr\u00edas, esperanzas y aprendizajes.&nbsp; Pensaba entonces qu\u00e9 dif\u00edcil ser\u00eda poder poner en palabras los horrores vividos, hechos que generan [&hellip;]<\/p>\n","protected":false},"author":1,"featured_media":1830,"comment_status":"closed","ping_status":"open","sticky":false,"template":"single-andes.php","format":"standard","meta":{"_acf_changed":false,"footnotes":""},"categories":[5],"tags":[29,30],"class_list":["post-770","post","type-post","status-publish","format-standard","has-post-thumbnail","hentry","category-de-la-cordillera-al-atlantico","tag-actividad-comunitaria","tag-derechos-humanos"],"acf":[],"_links":{"self":[{"href":"https:\/\/nosotrasenlibertad.com\/libroweb\/wp-json\/wp\/v2\/posts\/770","targetHints":{"allow":["GET"]}}],"collection":[{"href":"https:\/\/nosotrasenlibertad.com\/libroweb\/wp-json\/wp\/v2\/posts"}],"about":[{"href":"https:\/\/nosotrasenlibertad.com\/libroweb\/wp-json\/wp\/v2\/types\/post"}],"author":[{"embeddable":true,"href":"https:\/\/nosotrasenlibertad.com\/libroweb\/wp-json\/wp\/v2\/users\/1"}],"replies":[{"embeddable":true,"href":"https:\/\/nosotrasenlibertad.com\/libroweb\/wp-json\/wp\/v2\/comments?post=770"}],"version-history":[{"count":50,"href":"https:\/\/nosotrasenlibertad.com\/libroweb\/wp-json\/wp\/v2\/posts\/770\/revisions"}],"predecessor-version":[{"id":13886,"href":"https:\/\/nosotrasenlibertad.com\/libroweb\/wp-json\/wp\/v2\/posts\/770\/revisions\/13886"}],"wp:featuredmedia":[{"embeddable":true,"href":"https:\/\/nosotrasenlibertad.com\/libroweb\/wp-json\/wp\/v2\/media\/1830"}],"wp:attachment":[{"href":"https:\/\/nosotrasenlibertad.com\/libroweb\/wp-json\/wp\/v2\/media?parent=770"}],"wp:term":[{"taxonomy":"category","embeddable":true,"href":"https:\/\/nosotrasenlibertad.com\/libroweb\/wp-json\/wp\/v2\/categories?post=770"},{"taxonomy":"post_tag","embeddable":true,"href":"https:\/\/nosotrasenlibertad.com\/libroweb\/wp-json\/wp\/v2\/tags?post=770"}],"curies":[{"name":"wp","href":"https:\/\/api.w.org\/{rel}","templated":true}]}}