{"id":773,"date":"2021-04-13T23:29:12","date_gmt":"2021-04-13T23:29:12","guid":{"rendered":"https:\/\/nosotrasenlibertad.com\/libroweb\/?p=773"},"modified":"2021-10-01T12:59:49","modified_gmt":"2021-10-01T12:59:49","slug":"en-salta","status":"publish","type":"post","link":"https:\/\/nosotrasenlibertad.com\/libroweb\/en-salta\/","title":{"rendered":"En Salta"},"content":{"rendered":"\n<p>Soy P\u00eda&nbsp;Viltes, salte\u00f1a. Fui detenida el 24 de marzo del &#8217;76&nbsp;por&nbsp;Gendarmer\u00eda&nbsp;en la localidad de Embarcaci\u00f3n. El&nbsp;7 de septiembre del &#8217;79 fui liberada. No lo pod\u00eda creer por la fecha, ya que es el <span class=\"tool-tip\">D\u00eda del Montonero<span class=\"tool-tip-text\">En homenaje a dos jefes de la incipiente organizaci\u00f3n Montoneros, Fernando Abal Medina y Gustavo Ramos, asesinados el 7 de septiembre de 1970. <\/span><\/span>, ni me lo&nbsp;cre\u00eda&nbsp;cuando&nbsp;las cumpas&nbsp;que estaban conmigo en celular gritaron que lleg\u00f3 mi libertad. Prepar\u00e9 mi mochila hecha de un vaquero y sal\u00ed. De all\u00ed me llevaron al <span class=\"tool-tip\">Escuadr\u00f3n N\u00b0 601<span class=\"tool-tip-text\">Unidad de Infanteria del Ej\u00e9rcito argentino con base en Campo de Mayo, centro clandestino de detenci\u00f3n durante la dictadura c\u00edvico militar.  <\/span><\/span>. Dorm\u00ed una noche sobre mi tapadito verde, que era de Georgina&nbsp;Droz, fusilada en <span class=\"tool-tip\">Palomitas<span class=\"tool-tip-text\">Se conococe como masacre de Las Palomitas al asesinato ocurrido el 6 de julio de 1976 cuando 11 presos pol\u00edticos, detenidos en la unidad penal de Salta, fueron sacados de la c\u00e1rcel y masacrados en un supuesto enfrentamiento.<\/span><\/span> con otras once compa\u00f1eras y compa\u00f1eros. Al d\u00eda siguiente me&nbsp;llevaron&nbsp;a Devoto y&nbsp;de all\u00ed me dieron la libertad. Ya sab\u00eda que ten\u00eda que ir a una parroquia cercana, donde mostr\u00e9 cartas de mi familia como documento, y me dieron dinero y un vale para ir a almorzar.&nbsp;<\/p>\n\n\n\n<p>Tambi\u00e9n me explicaron&nbsp;d\u00f3nde tomar&nbsp;el&nbsp;colectivo para ir a Retiro.&nbsp;No ten\u00eda idea del valor del dinero&nbsp;y cuando me sirvieron com\u00ed r\u00e1pido&nbsp;y me parec\u00eda que&nbsp;todo el mundo me miraba. Tom\u00e9 el colectivo donde me hab\u00edan indicado&nbsp;y llegu\u00e9&nbsp;a la Terminal.&nbsp;All\u00ed&nbsp;tom\u00e9&nbsp;el tren Mitre&nbsp;hacia Jos\u00e9 Le\u00f3n Su\u00e1rez, donde viv\u00eda mi hermano con su familia.&nbsp;Cuando llegu\u00e9,&nbsp;mi cu\u00f1ada estaba haciendo empanadas -salte\u00f1as&nbsp;por supuesto- y&nbsp;asado.&nbsp;Fue un encuentro muy emotivo y raro, me sent\u00eda desubicada.&nbsp;&nbsp;&nbsp;<\/p>\n\n\n\n<p>Al otro d\u00eda, mi hermano consigui\u00f3&nbsp;pasaje en colectivo para&nbsp;Salta pero antes se asegur\u00f3&nbsp;de conseguir un papel de la Polic\u00eda Federal para que pudiera viajar tranquila. Les llev\u00f3&nbsp;el diario&nbsp;donde&nbsp;estaban&nbsp;las listas,&nbsp;para que vieran que yo&nbsp;estaba en libertad.&nbsp;<\/p>\n\n\n\n<p>Llegu\u00e9 al fin a&nbsp;Salta. Mi mam\u00e1 esperaba en la Terminal \u00a1Imag\u00ednense lo que&nbsp;fue! A ella se la ve\u00eda con mucho miedo.&nbsp;De all\u00ed&nbsp;tomamos el colectivo a la finca donde nacimos todos los hermanos.&nbsp;Se&nbsp;llama <em>Calvimonte<\/em>, est\u00e1 a dos kil\u00f3metros,&nbsp;en&nbsp;un lugar que&nbsp;se llama Palmira.&nbsp;Al otro d\u00eda mi mam\u00e1&nbsp;me dijo&nbsp;que ten\u00edamos&nbsp;que ir a Gendarmer\u00eda&nbsp;porque&nbsp;un gendarme que&nbsp;iba a&nbsp;pescar en el manantial -y&nbsp;seg\u00fan ella era muy bueno-&nbsp;le ofreci\u00f3&nbsp;hacerme&nbsp;un papel para&nbsp;presentarlo donde lo pidieran y lograr as\u00ed&nbsp;que no&nbsp;me&nbsp;molestaran. Fuimos y me hizo el papel un gendarme de apellido Zabaleta.&nbsp;As\u00ed yo&nbsp;viajaba m\u00e1s segura.&nbsp;&nbsp;<\/p>\n\n\n\n<figure class=\"wp-block-image size-full mf\"><img decoding=\"async\" width=\"800\" height=\"530\" data-src=\"https:\/\/nosotrasenlibertad.com\/libroweb\/wp-content\/uploads\/2021\/07\/Pia-Viltes-1.jpg\" alt=\"\" class=\"wp-image-10397 lazyload\" data-srcset=\"https:\/\/nosotrasenlibertad.com\/libroweb\/wp-content\/uploads\/2021\/07\/Pia-Viltes-1.jpg 800w, https:\/\/nosotrasenlibertad.com\/libroweb\/wp-content\/uploads\/2021\/07\/Pia-Viltes-1-768x509.jpg 768w\" data-sizes=\"(max-width: 800px) 100vw, 800px\" src=\"data:image\/svg+xml;base64,PHN2ZyB3aWR0aD0iMSIgaGVpZ2h0PSIxIiB4bWxucz0iaHR0cDovL3d3dy53My5vcmcvMjAwMC9zdmciPjwvc3ZnPg==\" style=\"--smush-placeholder-width: 800px; --smush-placeholder-aspect-ratio: 800\/530;\" \/><\/figure>\n\n\n\n<p>Lo primero que&nbsp;le&nbsp;pregunt\u00e9 a mam\u00e1&nbsp;fue sobre mi&nbsp;flaco,&nbsp;Ra\u00fal Benjam\u00edn&nbsp;Osores. Ella&nbsp;me dijo que&nbsp;le&nbsp;hab\u00edan aconsejado&nbsp;no preguntar&nbsp;acerca de \u00e9l. Mis hermanas y hermanos tampoco sab\u00edan nada. Desde ese momento comenc\u00e9&nbsp;a buscarlo. Iba a traer agua de&nbsp;la acequia y recordaba c\u00f3mo jug\u00e1bamos, me parec\u00eda que&nbsp;iba a aparecer en cualquier momento haci\u00e9ndome asustar,&nbsp;porque&nbsp;era juguet\u00f3n.&nbsp;<\/p>\n\n\n\n<p>No pod\u00eda viajar a Embarcaci\u00f3n&nbsp;porque le&nbsp;hab\u00edan recomendado&nbsp;a mi familia&nbsp;que&nbsp;no me&nbsp;moviera&nbsp;de casa.&nbsp;Por&nbsp;la cara&nbsp;con&nbsp;que me miraba mam\u00e1 no me atrev\u00eda&nbsp;a&nbsp;insistir, pero ten\u00eda una&nbsp;<em>persecuta<\/em>&nbsp;porque se me hac\u00eda que mi flaco en cualquier momento llegar\u00eda desde el monte o de cualquier lado. Le ped\u00ed a mam\u00e1&nbsp;que&nbsp;fu\u00e9ramos a una curandera amiga de ella,&nbsp;a la que iba a ver mientras&nbsp;estuve&nbsp;detenida. Iba antes de viajar a verme, porque cuando la mujer le dec\u00eda que est\u00e1bamos penitenciadas mam\u00e1&nbsp;no viajaba a Devoto.<\/p>\n\n\n\n<p>Fui a verla y me dijo:&nbsp;\u201cNo lo busques,&nbsp;Dios sabr\u00e1&nbsp;qu\u00e9 pas\u00f3\u201d. Me dio una desilusi\u00f3n y entonces fui a otro curandero&nbsp;que&nbsp;me dijo:&nbsp;\u201c\u00c9l est\u00e1&nbsp;vivo\u201d. Casi salto de gusto y el coraz\u00f3n se me quer\u00eda salir por la boca. Me dijo adem\u00e1s:&nbsp;\u201cEn&nbsp;una fiesta donde habr\u00e1&nbsp;mucha gente&nbsp;\u00e9l la va&nbsp;a ver, pero&nbsp;har\u00e1&nbsp;como que&nbsp;no la vio\u201d.&nbsp;Como la pr\u00f3xima fiesta era&nbsp;la&nbsp;de&nbsp;<em>Sumalao<\/em>,&nbsp;donde se juntan miles&nbsp;de personas, para all\u00e1 me&nbsp;fui.&nbsp;Ese&nbsp;d\u00eda&nbsp;yo&nbsp;miraba a la gente&nbsp;que iba y ven\u00eda,&nbsp;no quer\u00eda que se me escapara&nbsp;nadie. Volv\u00ed&nbsp;con los ojos rojos y dolor de cabeza. No encontr\u00e9&nbsp;a mi flaco.&nbsp;<\/p>\n\n\n\n<p>Por supuesto&nbsp;que mi mam\u00e1 y la familia no me dejaban salir y me cuidaban como billete, pero&nbsp;pas\u00f3 un tiempo y comenc\u00e9&nbsp;a trabajar&nbsp;en todo el proceso del tabaco,&nbsp;en los rastrojos&nbsp;o potreros,&nbsp;en la finca donde viv\u00eda mam\u00e1. De all\u00ed&nbsp;iba al campo con mi hermano. Despu\u00e9s&nbsp;me fui a la ciudad a trabajar en quehaceres dom\u00e9sticos&nbsp;y&nbsp;cada mes ven\u00eda a&nbsp;visitar a mam\u00e1 y&nbsp;tambi\u00e9n&nbsp;a bailar, porque a pesar de todo hab\u00edamos salido con ganas de disfrutar.&nbsp;Pero en todos lados buscaba compa\u00f1eros y fue muy doloroso ese tiempo: no poder hablar en nuestro idioma y no aguantar el ver llorar,&nbsp;mucho menos que&nbsp;le pegaran&nbsp;a alguien. Me met\u00eda a defenderlos,&nbsp;porque&nbsp;en&nbsp;los&nbsp;bailes a&nbsp;veces se produc\u00eda alg\u00fan entrevero.&nbsp;Pero me faltaba&nbsp;mi flaco.&nbsp;&nbsp;<\/p>\n\n\n\n<p>Sufr\u00ed&nbsp;muchos a\u00f1os,&nbsp;pero no me cansaba de&nbsp;buscarlo.&nbsp;Y&nbsp;me fui a Embarcaci\u00f3n&nbsp;porque&nbsp;me invitaron al&nbsp;cumplea\u00f1os de quince a\u00f1os de mis sobrinas de coraz\u00f3n, as\u00ed les digo&nbsp;porque&nbsp;son&nbsp;de la familia de dos&nbsp;compa\u00f1eros&nbsp;que&nbsp;eran integrantes del sindicato y que ayudaron&nbsp;al flaco despu\u00e9s&nbsp;de que me detuvieron. En la primera&nbsp;visita al pueblo buscaba <em>cumpas<\/em> y todo lo que encontraba eran explicaciones como \u201clo detuvieron\u201d, \u201cfalleci\u00f3\u201d o \u201cse fue\u201d.<em>&nbsp;<\/em>Estuve&nbsp;con mis hermanos&nbsp;en&nbsp;los lugares&nbsp;donde&nbsp;\u00e9l&nbsp;trabaj\u00f3,&nbsp;en misiones ind\u00edgenas,&nbsp;en el pueblo&nbsp;en&nbsp;que me cre\u00edan muerta.&nbsp;Fui varias veces hasta hoy, son mi familia y me dicen \u201chermana\u201d o \u201ct\u00eda\u201d. Su madre -que tanto me&nbsp;quer\u00eda-&nbsp;falleci\u00f3 justo cuando yo&nbsp;estaba en el pueblo.&nbsp;<\/p>\n\n\n\n<figure class=\"wp-block-image size-full mf\"><img decoding=\"async\" width=\"800\" height=\"530\" data-src=\"https:\/\/nosotrasenlibertad.com\/libroweb\/wp-content\/uploads\/2021\/07\/Pia-Viltes-2.jpg\" alt=\"\" class=\"wp-image-10398 lazyload\" data-srcset=\"https:\/\/nosotrasenlibertad.com\/libroweb\/wp-content\/uploads\/2021\/07\/Pia-Viltes-2.jpg 800w, https:\/\/nosotrasenlibertad.com\/libroweb\/wp-content\/uploads\/2021\/07\/Pia-Viltes-2-768x509.jpg 768w\" data-sizes=\"(max-width: 800px) 100vw, 800px\" src=\"data:image\/svg+xml;base64,PHN2ZyB3aWR0aD0iMSIgaGVpZ2h0PSIxIiB4bWxucz0iaHR0cDovL3d3dy53My5vcmcvMjAwMC9zdmciPjwvc3ZnPg==\" style=\"--smush-placeholder-width: 800px; --smush-placeholder-aspect-ratio: 800\/530;\" \/><\/figure>\n\n\n\n<p>Tambi\u00e9n comenc\u00e9&nbsp;a conectarme con compa\u00f1eros&nbsp;de&nbsp;Derechos Humanos (DDHH)&nbsp;porque un d\u00eda me lleg\u00f3 una citaci\u00f3n para declarar por mi flaco y dem\u00e1s compa\u00f1eros.&nbsp;Desde entonces, segu\u00ed con&nbsp;ellos&nbsp;en los juicios.&nbsp;En todos estos a\u00f1os me comuniqu\u00e9 con <em>cumpas<\/em> de C\u00f3rdoba&nbsp;-como Virginia Guzm\u00e1n y Olguita Garc\u00eda-&nbsp;y,&nbsp;adem\u00e1s, fui a La Rioja para&nbsp;el&nbsp;aniversario del asesinato del obispo&nbsp;Angelelli.&nbsp;Ah\u00ed estuve en&nbsp;la&nbsp;casa de Azucena Fuentes -la gringuita- que escribi\u00f3&nbsp;el libro&nbsp;<em>Mi Cuadernito Azul<\/em>. All\u00ed hab\u00eda&nbsp;muchos&nbsp;compa\u00f1eros ex&nbsp;presos tambi\u00e9n&nbsp;y pod\u00edamos charlar en el mismo idioma.&nbsp;<\/p>\n\n\n\n<p>Despu\u00e9s que pude despegar de mi mam\u00e1, porque&nbsp;fue muy duro para ella y no quer\u00eda herirla, comenc\u00e9&nbsp;a meterme en organizaciones. La primera fue la Agrupaci\u00f3n de Gauchos y desfil\u00e9&nbsp;a caballo frente&nbsp;al monumento de G\u00fcemes. En ese entonces estaba el capit\u00e1n Ulloa como interventor de Salta.&nbsp;Fue mi primer desfile.&nbsp;<\/p>\n\n\n\n<p>Tambi\u00e9n&nbsp;organizamos&nbsp;la fiesta del D\u00eda del Ni\u00f1o,&nbsp;con censo por&nbsp;edad para poder regalarles&nbsp;un juguete,&nbsp;globos&nbsp;y golosinas&nbsp;a&nbsp;todos los ni\u00f1os&nbsp;hasta las \u00faltimas fincas.&nbsp;Para ello hicimos rifas,&nbsp;pedimos donaciones en los negocios del pueblo y tambi\u00e9n en la ciudad.&nbsp;Lleg\u00f3 el d\u00eda y subimos las cosas en&nbsp;el&nbsp;cami\u00f3n&nbsp;de mi sobrino con ayuda de un <em>cumpa<\/em> que ten\u00eda sonido. A la ma\u00f1ana comenzamos con chocolate y pan dulce donado de panader\u00edas. Este&nbsp;trabajo sirvi\u00f3 tambi\u00e9n para organizar&nbsp;en el pueblo un grupo de f\u00fatbol femenino.&nbsp;<\/p>\n\n\n\n<p>Trabaj\u00e9&nbsp;fuerte en&nbsp;el barrio para el D\u00eda de la Madre, organizando&nbsp;campeonatos.&nbsp;Adem\u00e1s&nbsp;me incorpor\u00e9 como secretaria&nbsp;a&nbsp;la Agrupaci\u00f3n de Gauchos de El&nbsp;Carril, que&nbsp;es donde vivo.&nbsp;Ah\u00ed&nbsp;lo primero que hice fue formar una comisi\u00f3n de damas&nbsp;porque la fiesta se ven\u00eda encima y&nbsp;hab\u00eda que&nbsp;dar de comer&nbsp;a todas las agrupaciones que&nbsp;participaban.&nbsp;Fue el mejor recibimiento para los invitados.&nbsp;<\/p>\n\n\n\n<p>Por otra parte, como quer\u00eda&nbsp;estar&nbsp;con mis <em>cumpas<\/em>,&nbsp;me incorpor\u00e9 a la Asociaci\u00f3n Lucrecia&nbsp;Barquet que&nbsp;hasta la actualidad&nbsp;participa&nbsp;de los juicios de Lesa&nbsp;Humanidad. Ahora, por la pandemia, solo&nbsp;asistimos&nbsp;en forma virtual.&nbsp;&nbsp;<\/p>\n\n\n\n<p>Diez a\u00f1os despu\u00e9s de salir de la c\u00e1rcel me cas\u00e9 y tengo una hija que se llama Mar\u00eda P\u00eda y una nieta de cinco a\u00f1os, Mora.&nbsp;Trabaj\u00e9 en el hospital del pueblo hasta jubilarme.&nbsp;Me gusta mucho&nbsp;vivir en&nbsp;el campo. Mis <em>cumpas<\/em>&nbsp;quieren que&nbsp;escriba un libro&nbsp;porque&nbsp;dicen que&nbsp;no puedo&nbsp;dejar en el&nbsp;olvido mi militancia. Ver\u00e9 si me animo alguna vez.&nbsp;&nbsp;<\/p>\n","protected":false},"excerpt":{"rendered":"<p>Soy P\u00eda&nbsp;Viltes, salte\u00f1a. Fui detenida el 24 de marzo del &#8217;76&nbsp;por&nbsp;Gendarmer\u00eda&nbsp;en la localidad de Embarcaci\u00f3n. El&nbsp;7 de septiembre del &#8217;79 fui liberada. No lo pod\u00eda creer por la fecha, ya que es el D\u00eda del MontoneroEn homenaje a dos jefes de la incipiente organizaci\u00f3n Montoneros, Fernando Abal Medina y Gustavo Ramos, asesinados el 7 de [&hellip;]<\/p>\n","protected":false},"author":1,"featured_media":1810,"comment_status":"closed","ping_status":"open","sticky":false,"template":"single-andes.php","format":"standard","meta":{"_acf_changed":false,"footnotes":""},"categories":[5],"tags":[29,30],"class_list":["post-773","post","type-post","status-publish","format-standard","has-post-thumbnail","hentry","category-de-la-cordillera-al-atlantico","tag-actividad-comunitaria","tag-derechos-humanos"],"acf":[],"_links":{"self":[{"href":"https:\/\/nosotrasenlibertad.com\/libroweb\/wp-json\/wp\/v2\/posts\/773","targetHints":{"allow":["GET"]}}],"collection":[{"href":"https:\/\/nosotrasenlibertad.com\/libroweb\/wp-json\/wp\/v2\/posts"}],"about":[{"href":"https:\/\/nosotrasenlibertad.com\/libroweb\/wp-json\/wp\/v2\/types\/post"}],"author":[{"embeddable":true,"href":"https:\/\/nosotrasenlibertad.com\/libroweb\/wp-json\/wp\/v2\/users\/1"}],"replies":[{"embeddable":true,"href":"https:\/\/nosotrasenlibertad.com\/libroweb\/wp-json\/wp\/v2\/comments?post=773"}],"version-history":[{"count":43,"href":"https:\/\/nosotrasenlibertad.com\/libroweb\/wp-json\/wp\/v2\/posts\/773\/revisions"}],"predecessor-version":[{"id":13127,"href":"https:\/\/nosotrasenlibertad.com\/libroweb\/wp-json\/wp\/v2\/posts\/773\/revisions\/13127"}],"wp:featuredmedia":[{"embeddable":true,"href":"https:\/\/nosotrasenlibertad.com\/libroweb\/wp-json\/wp\/v2\/media\/1810"}],"wp:attachment":[{"href":"https:\/\/nosotrasenlibertad.com\/libroweb\/wp-json\/wp\/v2\/media?parent=773"}],"wp:term":[{"taxonomy":"category","embeddable":true,"href":"https:\/\/nosotrasenlibertad.com\/libroweb\/wp-json\/wp\/v2\/categories?post=773"},{"taxonomy":"post_tag","embeddable":true,"href":"https:\/\/nosotrasenlibertad.com\/libroweb\/wp-json\/wp\/v2\/tags?post=773"}],"curies":[{"name":"wp","href":"https:\/\/api.w.org\/{rel}","templated":true}]}}